{"id":11373,"date":"2025-03-14T15:36:59","date_gmt":"2025-03-14T18:36:59","guid":{"rendered":"https:\/\/www.santaritadopassaquatro.sp.gov.br\/portal\/?p=11373"},"modified":"2025-03-14T15:37:01","modified_gmt":"2025-03-14T18:37:01","slug":"%f0%9f%93%a2-atencao-moradores-de-santa-rita-do-passa-quatro","status":"publish","type":"post","link":"https:\/\/www.santaritadopassaquatro.sp.gov.br\/portal\/%f0%9f%93%a2-atencao-moradores-de-santa-rita-do-passa-quatro\/","title":{"rendered":"\ud83d\udce2 Aten\u00e7\u00e3o, moradores de Santa Rita do Passa Quatro!"},"content":{"rendered":"\n<p>\ud83d\udcca A Prefeitura Municipal da Est\u00e2ncia Clim\u00e1tica de Santa Rita do Passa Quatro CONVIDA toda a popula\u00e7\u00e3o para a AUDI\u00caNCIA P\u00daBLICA, que ser\u00e1 promovida no dia 26 de fevereiro de 2025, quarta-feira, \u00e0s 18h no Centro Cultural e Museu Jos\u00e9 Spadon (Antiga Delegacia), para tratar da Avalia\u00e7\u00e3o do Cumprimento de Metas Fiscais do 3\u00ba Quadrimestre de 2024.<br>\ud83d\udc65 Essa \u00e9 uma oportunidade para participar ativamente da administra\u00e7\u00e3o da nossa cidade e sua presen\u00e7a \u00e9 muito importante.<br>\ud83d\udc49 Convide seus amigos e vizinhos! Vamos fazer a nossa cidade ainda melhor!<\/p>\n\n\n\n<p><\/p>\n","protected":false},"excerpt":{"rendered":"<p>\ud83d\udcca A Prefeitura Municipal da Est\u00e2ncia Clim\u00e1tica de Santa Rita do Passa Quatro CONVIDA toda a popula\u00e7\u00e3o para a AUDI\u00caNCIA<\/p>\n","protected":false},"author":1,"featured_media":11374,"comment_status":"closed","ping_status":"open","sticky":false,"template":"","format":"standard","meta":{"footnotes":""},"categories":[45,47],"tags":[],"class_list":["post-11373","post","type-post","status-publish","format-standard","has-post-thumbnail","hentry","category-comunicado","category-desenvovimento"],"_links":{"self":[{"href":"https:\/\/www.santaritadopassaquatro.sp.gov.br\/portal\/wp-json\/wp\/v2\/posts\/11373","targetHints":{"allow":["GET"]}}],"collection":[{"href":"https:\/\/www.santaritadopassaquatro.sp.gov.br\/portal\/wp-json\/wp\/v2\/posts"}],"about":[{"href":"https:\/\/www.santaritadopassaquatro.sp.gov.br\/portal\/wp-json\/wp\/v2\/types\/post"}],"author":[{"embeddable":true,"href":"https:\/\/www.santaritadopassaquatro.sp.gov.br\/portal\/wp-json\/wp\/v2\/users\/1"}],"replies":[{"embeddable":true,"href":"https:\/\/www.santaritadopassaquatro.sp.gov.br\/portal\/wp-json\/wp\/v2\/comments?post=11373"}],"version-history":[{"count":1,"href":"https:\/\/www.santaritadopassaquatro.sp.gov.br\/portal\/wp-json\/wp\/v2\/posts\/11373\/revisions"}],"predecessor-version":[{"id":11375,"href":"https:\/\/www.santaritadopassaquatro.sp.gov.br\/portal\/wp-json\/wp\/v2\/posts\/11373\/revisions\/11375"}],"wp:featuredmedia":[{"embeddable":true,"href":"https:\/\/www.santaritadopassaquatro.sp.gov.br\/portal\/wp-json\/wp\/v2\/media\/11374"}],"wp:attachment":[{"href":"https:\/\/www.santaritadopassaquatro.sp.gov.br\/portal\/wp-json\/wp\/v2\/media?parent=11373"}],"wp:term":[{"taxonomy":"category","embeddable":true,"href":"https:\/\/www.santaritadopassaquatro.sp.gov.br\/portal\/wp-json\/wp\/v2\/categories?post=11373"},{"taxonomy":"post_tag","embeddable":true,"href":"https:\/\/www.santaritadopassaquatro.sp.gov.br\/portal\/wp-json\/wp\/v2\/tags?post=11373"}],"curies":[{"name":"wp","href":"https:\/\/api.w.org\/{rel}","templated":true}]}}