{"id":1138,"date":"2019-04-05T14:15:58","date_gmt":"2019-04-05T17:15:58","guid":{"rendered":"http:\/\/www.santaritadopassaquatro.sp.gov.br\/portal\/?p=1138"},"modified":"2019-04-05T14:15:58","modified_gmt":"2019-04-05T17:15:58","slug":"praca-da-estacao-tera-mais-um-espetaculo-circense-no-proximo-dia-26","status":"publish","type":"post","link":"https:\/\/www.santaritadopassaquatro.sp.gov.br\/portal\/praca-da-estacao-tera-mais-um-espetaculo-circense-no-proximo-dia-26\/","title":{"rendered":"Pra\u00e7a da Esta\u00e7\u00e3o ter\u00e1 mais um espet\u00e1culo circense no pr\u00f3ximo dia 26"},"content":{"rendered":"<p><strong><em>Promovido pelo Departamento de Cultura promove o espet\u00e1culo \u201cGenu\u00edna &#8211; Palha\u00e7a Francisquinha\u201d<\/em><\/strong><\/p>\n<p>&nbsp;<\/p>\n<figure id=\"attachment_1140\" aria-describedby=\"caption-attachment-1140\" style=\"width: 300px\" class=\"wp-caption alignleft\"><img decoding=\"async\" class=\"wp-image-1140 size-medium\" src=\"http:\/\/www.santaritadopassaquatro.sp.gov.br\/portal\/wp-content\/uploads\/2019\/04\/palhaca_francisquinha03-300x164.jpg\" alt=\"\" width=\"300\" height=\"164\" srcset=\"https:\/\/www.santaritadopassaquatro.sp.gov.br\/portal\/wp-content\/uploads\/2019\/04\/palhaca_francisquinha03-300x164.jpg 300w, https:\/\/www.santaritadopassaquatro.sp.gov.br\/portal\/wp-content\/uploads\/2019\/04\/palhaca_francisquinha03-768x421.jpg 768w, https:\/\/www.santaritadopassaquatro.sp.gov.br\/portal\/wp-content\/uploads\/2019\/04\/palhaca_francisquinha03-1024x561.jpg 1024w, https:\/\/www.santaritadopassaquatro.sp.gov.br\/portal\/wp-content\/uploads\/2019\/04\/palhaca_francisquinha03.jpg 1752w\" sizes=\"(max-width: 300px) 100vw, 300px\" \/><figcaption id=\"caption-attachment-1140\" class=\"wp-caption-text\"><span style=\"font-size: 8pt; color: #999999;\"><em><strong>Cenas de \u201cGenu\u00edna &#8211; Palha\u00e7a Francisquinha\u201d, a pr\u00f3xima atra\u00e7\u00e3o circense, que acontece dia 26 de abril (Divulga\u00e7\u00e3o)<\/strong><\/em><\/span><\/figcaption><\/figure>\n<p>Depois do sucesso do espet\u00e1culo &#8220;E O Palha\u00e7o O Que \u00c9?&#8221;, o Departamento de Cultura e Turismo, da Prefeitura Municipal de Santa Rita do Passa Quatro, apresenta mais uma atra\u00e7\u00e3o circense para este m\u00eas de abril.<\/p>\n<figure id=\"attachment_1139\" aria-describedby=\"caption-attachment-1139\" style=\"width: 300px\" class=\"wp-caption alignright\"><img decoding=\"async\" class=\"wp-image-1139 size-medium\" src=\"http:\/\/www.santaritadopassaquatro.sp.gov.br\/portal\/wp-content\/uploads\/2019\/04\/circo_na_praca-300x225.jpg\" alt=\"\" width=\"300\" height=\"225\" srcset=\"https:\/\/www.santaritadopassaquatro.sp.gov.br\/portal\/wp-content\/uploads\/2019\/04\/circo_na_praca-300x225.jpg 300w, https:\/\/www.santaritadopassaquatro.sp.gov.br\/portal\/wp-content\/uploads\/2019\/04\/circo_na_praca-768x576.jpg 768w, https:\/\/www.santaritadopassaquatro.sp.gov.br\/portal\/wp-content\/uploads\/2019\/04\/circo_na_praca-1024x768.jpg 1024w\" sizes=\"(max-width: 300px) 100vw, 300px\" \/><figcaption id=\"caption-attachment-1139\" class=\"wp-caption-text\"><span style=\"font-size: 8pt;\"><strong><em><span style=\"color: #999999;\">P\u00fablico na Pra\u00e7a da Esta\u00e7\u00e3o durante o espet\u00e1culo &#8220;E O Palha\u00e7o O Que \u00c9?&#8221;, de Reinaldo Facchini, no \u00faltimo s\u00e1bado (Divulga\u00e7\u00e3o)<\/span><\/em><\/strong><\/span><\/figcaption><\/figure>\n<p>No pr\u00f3ximo dia 26\/4, sexta-feira, e espet\u00e1culo \u201cGenu\u00edna &#8211; Palha\u00e7a Francisquinha\u201d, movimenta mais uma vez na pra\u00e7a da Esta\u00e7\u00e3o. No espet\u00e1culo Genu\u00edna apresenta Francisquinha, uma mulher comum, que carrega nas costas o peso de ser quem \u00e9. Sua tr\u00e1gica sina \u00e9 levada com muita leveza e humor, e provoca, atrav\u00e9s do riso, a reflex\u00e3o do p\u00fablico.<\/p>\n<p>Gratuita e com classifica\u00e7\u00e3o livre, a atra\u00e7\u00e3o acontece na Pra\u00e7a Poeta M\u00e1rio Mattoso, \u00e0 partir das 19h30.<\/p>\n<p>O espet\u00e1culo apresentado em Santa Rita segue, no m\u00eas seguinte para a Europa, onde a palha\u00e7a Francisquinha ir\u00e1 se apresentar e ministrar oficina de palha\u00e7aria em Portugal e Espanha.<\/p>\n<p>&nbsp;<\/p>\n<blockquote><p><strong>SERVI\u00c7O<br \/>\n\u201cGenu\u00edna &#8211; Palha\u00e7a Francisquinha\u201d (Circo)<br \/>\nQUANDO: <\/strong>\u00a026 de abril, sexta-feira, \u00e0s 19h30.<strong><br \/>\nONDE: <\/strong>Pra\u00e7a Poeta M\u00e1rio Mattoso<br \/>\n<strong>Classifica\u00e7\u00e3o:<\/strong> Livre.<br \/>\n<strong>EVENTO GRATUITO<\/strong><\/p><\/blockquote>\n<p><strong><em>\u00a0<\/em><\/strong><\/p>\n<p>&nbsp;<\/p>\n<p>&nbsp;<\/p>\n<p>&nbsp;<\/p>\n<p>&nbsp;<\/p>\n","protected":false},"excerpt":{"rendered":"<p>Promovido pelo Departamento de Cultura promove o espet\u00e1culo \u201cGenu\u00edna &#8211; Palha\u00e7a Francisquinha\u201d &nbsp; Depois do sucesso do espet\u00e1culo &#8220;E O<\/p>\n","protected":false},"author":1,"featured_media":1139,"comment_status":"closed","ping_status":"open","sticky":false,"template":"","format":"standard","meta":{"footnotes":""},"categories":[46,60],"tags":[],"class_list":["post-1138","post","type-post","status-publish","format-standard","has-post-thumbnail","hentry","category-cultura","category-turismo"],"_links":{"self":[{"href":"https:\/\/www.santaritadopassaquatro.sp.gov.br\/portal\/wp-json\/wp\/v2\/posts\/1138","targetHints":{"allow":["GET"]}}],"collection":[{"href":"https:\/\/www.santaritadopassaquatro.sp.gov.br\/portal\/wp-json\/wp\/v2\/posts"}],"about":[{"href":"https:\/\/www.santaritadopassaquatro.sp.gov.br\/portal\/wp-json\/wp\/v2\/types\/post"}],"author":[{"embeddable":true,"href":"https:\/\/www.santaritadopassaquatro.sp.gov.br\/portal\/wp-json\/wp\/v2\/users\/1"}],"replies":[{"embeddable":true,"href":"https:\/\/www.santaritadopassaquatro.sp.gov.br\/portal\/wp-json\/wp\/v2\/comments?post=1138"}],"version-history":[{"count":0,"href":"https:\/\/www.santaritadopassaquatro.sp.gov.br\/portal\/wp-json\/wp\/v2\/posts\/1138\/revisions"}],"wp:featuredmedia":[{"embeddable":true,"href":"https:\/\/www.santaritadopassaquatro.sp.gov.br\/portal\/wp-json\/wp\/v2\/media\/1139"}],"wp:attachment":[{"href":"https:\/\/www.santaritadopassaquatro.sp.gov.br\/portal\/wp-json\/wp\/v2\/media?parent=1138"}],"wp:term":[{"taxonomy":"category","embeddable":true,"href":"https:\/\/www.santaritadopassaquatro.sp.gov.br\/portal\/wp-json\/wp\/v2\/categories?post=1138"},{"taxonomy":"post_tag","embeddable":true,"href":"https:\/\/www.santaritadopassaquatro.sp.gov.br\/portal\/wp-json\/wp\/v2\/tags?post=1138"}],"curies":[{"name":"wp","href":"https:\/\/api.w.org\/{rel}","templated":true}]}}