{"id":11382,"date":"2025-03-14T15:40:53","date_gmt":"2025-03-14T18:40:53","guid":{"rendered":"https:\/\/www.santaritadopassaquatro.sp.gov.br\/portal\/?p=11382"},"modified":"2025-03-14T15:40:54","modified_gmt":"2025-03-14T18:40:54","slug":"%f0%9f%93%a2-santa-rita-do-passa-quatro-marca-presenca-no-encontro-estadual-de-assistencia-social-%f0%9f%a4%9d%f0%9f%92%9a","status":"publish","type":"post","link":"https:\/\/www.santaritadopassaquatro.sp.gov.br\/portal\/%f0%9f%93%a2-santa-rita-do-passa-quatro-marca-presenca-no-encontro-estadual-de-assistencia-social-%f0%9f%a4%9d%f0%9f%92%9a\/","title":{"rendered":"\ud83d\udce2 Santa Rita do Passa Quatro marca presen\u00e7a no Encontro Estadual de Assist\u00eancia Social! \ud83e\udd1d\ud83d\udc9a"},"content":{"rendered":"\n<p>Nossa Cidade Poema esteve representada pela Diretora do Departamento de Assist\u00eancia Social, Patr\u00edcia Jord\u00e3o Mion, e pela Presidente do Fundo Social de Solidariedade, Fabr\u00edcia Roberta Viana, no encontro promovido pela Secretaria de Desenvolvimento Social do Estado de S\u00e3o Paulo (SEDS), realizado nesta sexta-feira (21), no Pal\u00e1cio dos Bandeirantes, em S\u00e3o Paulo.<br>O evento reuniu cerca de 900 participantes, incluindo 400 autoridades municipais, entre prefeitos e secret\u00e1rios de assist\u00eancia social de todo o estado. O objetivo foi fortalecer os la\u00e7os entre os gestores, orientar sobre os programas, servi\u00e7os e benef\u00edcios oferecidos pelo Governo do Estado e alinhar estrat\u00e9gias para aprimorar as pol\u00edticas p\u00fablicas voltadas \u00e0 popula\u00e7\u00e3o em situa\u00e7\u00e3o de vulnerabilidade.<br>Com a presen\u00e7a do Governador Tarc\u00edsio de Freitas, da Primeira-dama e Presidente do Fundo Social de S\u00e3o Paulo, Cristiane Freitas, e da Secret\u00e1ria Estadual de Desenvolvimento Social Andrezza Rosal\u00e9m, o encontro refor\u00e7ou a import\u00e2ncia da atua\u00e7\u00e3o conjunta entre estado e munic\u00edpios para garantir uma assist\u00eancia social mais eficiente e acess\u00edvel.<br>Santa Rita do Passa Quatro segue comprometida com o Desenvolvimento Social, trabalhando para oferecer mais qualidade de vida e amparo \u00e0s fam\u00edlias que mais precisam. \ud83d\udc9b\u2728<\/p>\n\n\n\n<figure class=\"wp-block-gallery has-nested-images columns-default is-cropped wp-block-gallery-1 is-layout-flex wp-block-gallery-is-layout-flex\">\n<figure class=\"wp-block-image size-large\"><img decoding=\"async\" width=\"1279\" height=\"1600\" data-id=\"11387\" src=\"https:\/\/www.santaritadopassaquatro.sp.gov.br\/portal\/wp-content\/uploads\/2025\/03\/3bb9c2e3-0670-49ec-9c85-b7603f59bc14-1.jpg\" alt=\"\" class=\"wp-image-11387\"\/><\/figure>\n\n\n\n<figure class=\"wp-block-image size-large\"><img decoding=\"async\" width=\"1279\" height=\"1600\" data-id=\"11386\" src=\"https:\/\/www.santaritadopassaquatro.sp.gov.br\/portal\/wp-content\/uploads\/2025\/03\/4dac23ff-ea01-40b3-a62c-2299c7f2f94e-1.jpg\" alt=\"\" class=\"wp-image-11386\"\/><\/figure>\n<\/figure>\n","protected":false},"excerpt":{"rendered":"<p>Nossa Cidade Poema esteve representada pela Diretora do Departamento de Assist\u00eancia Social, Patr\u00edcia Jord\u00e3o Mion, e pela Presidente do Fundo<\/p>\n","protected":false},"author":1,"featured_media":11385,"comment_status":"closed","ping_status":"open","sticky":false,"template":"","format":"standard","meta":{"footnotes":""},"categories":[43],"tags":[],"class_list":["post-11382","post","type-post","status-publish","format-standard","has-post-thumbnail","hentry","category-assistenciasocial"],"_links":{"self":[{"href":"https:\/\/www.santaritadopassaquatro.sp.gov.br\/portal\/wp-json\/wp\/v2\/posts\/11382","targetHints":{"allow":["GET"]}}],"collection":[{"href":"https:\/\/www.santaritadopassaquatro.sp.gov.br\/portal\/wp-json\/wp\/v2\/posts"}],"about":[{"href":"https:\/\/www.santaritadopassaquatro.sp.gov.br\/portal\/wp-json\/wp\/v2\/types\/post"}],"author":[{"embeddable":true,"href":"https:\/\/www.santaritadopassaquatro.sp.gov.br\/portal\/wp-json\/wp\/v2\/users\/1"}],"replies":[{"embeddable":true,"href":"https:\/\/www.santaritadopassaquatro.sp.gov.br\/portal\/wp-json\/wp\/v2\/comments?post=11382"}],"version-history":[{"count":1,"href":"https:\/\/www.santaritadopassaquatro.sp.gov.br\/portal\/wp-json\/wp\/v2\/posts\/11382\/revisions"}],"predecessor-version":[{"id":11388,"href":"https:\/\/www.santaritadopassaquatro.sp.gov.br\/portal\/wp-json\/wp\/v2\/posts\/11382\/revisions\/11388"}],"wp:featuredmedia":[{"embeddable":true,"href":"https:\/\/www.santaritadopassaquatro.sp.gov.br\/portal\/wp-json\/wp\/v2\/media\/11385"}],"wp:attachment":[{"href":"https:\/\/www.santaritadopassaquatro.sp.gov.br\/portal\/wp-json\/wp\/v2\/media?parent=11382"}],"wp:term":[{"taxonomy":"category","embeddable":true,"href":"https:\/\/www.santaritadopassaquatro.sp.gov.br\/portal\/wp-json\/wp\/v2\/categories?post=11382"},{"taxonomy":"post_tag","embeddable":true,"href":"https:\/\/www.santaritadopassaquatro.sp.gov.br\/portal\/wp-json\/wp\/v2\/tags?post=11382"}],"curies":[{"name":"wp","href":"https:\/\/api.w.org\/{rel}","templated":true}]}}