{"id":11389,"date":"2025-03-14T15:43:06","date_gmt":"2025-03-14T18:43:06","guid":{"rendered":"https:\/\/www.santaritadopassaquatro.sp.gov.br\/portal\/?p=11389"},"modified":"2025-03-14T15:43:08","modified_gmt":"2025-03-14T18:43:08","slug":"%f0%9f%93%8d-nosso-dia-d-foi-um-sucesso-%f0%9f%91%8f","status":"publish","type":"post","link":"https:\/\/www.santaritadopassaquatro.sp.gov.br\/portal\/%f0%9f%93%8d-nosso-dia-d-foi-um-sucesso-%f0%9f%91%8f\/","title":{"rendered":"\ud83d\udccd Nosso DIA D foi um sucesso \ud83d\udc4f"},"content":{"rendered":"\n<p>\ud83d\udc49 Data marcada em todo pa\u00eds, aconteceu nesse s\u00e1bado, 22 de Fevereiro de 2025, nosso mutir\u00e3o coletivo de combate \u00e0 dengue em Santa Rita!<br>\ud83d\ude4b Com o empenho e a organiza\u00e7\u00e3o do Departamento de Sa\u00fade, em conjunto com nossos Agentes, nos bairros Parque Lagoinha e Jardim Bela Vista realizamos o chamado &#8220;bloqueio&#8221;, coletando entulhos e eliminando focos do mosquito!<br>\ud83d\udcca Ao todo foram mais de 38 quarteir\u00f5es vistoriados, fruto de muito trabalho de todas as equipes envolvidas!<br>\ud83d\udea8 Os cuidados n\u00e3o podem parar. Apesar de todo esfor\u00e7o empenhado durante o mutir\u00e3o, se n\u00e3o continuarmos monitorando nossos pr\u00f3prios quintais com o devido cuidado, ser\u00e1 em v\u00e3o.<br>Siga nossas p\u00e1ginas e continue acompanhando nosso trabalho!<\/p>\n\n\n\n<figure class=\"wp-block-gallery has-nested-images columns-default is-cropped wp-block-gallery-1 is-layout-flex wp-block-gallery-is-layout-flex\">\n<figure class=\"wp-block-image size-large\"><img decoding=\"async\" width=\"2048\" height=\"2560\" data-id=\"11391\" src=\"https:\/\/www.santaritadopassaquatro.sp.gov.br\/portal\/wp-content\/uploads\/2025\/03\/c63d7804-6fe9-4135-9ae5-3c9f07b5f1c3.jpg\" alt=\"\" class=\"wp-image-11391\"\/><\/figure>\n\n\n\n<figure class=\"wp-block-image size-large\"><img decoding=\"async\" width=\"2048\" height=\"2560\" data-id=\"11390\" src=\"https:\/\/www.santaritadopassaquatro.sp.gov.br\/portal\/wp-content\/uploads\/2025\/03\/6a093f11-88aa-4f7f-b047-8a7b7fe70023.jpg\" alt=\"\" class=\"wp-image-11390\"\/><\/figure>\n<\/figure>\n","protected":false},"excerpt":{"rendered":"<p>\ud83d\udc49 Data marcada em todo pa\u00eds, aconteceu nesse s\u00e1bado, 22 de Fevereiro de 2025, nosso mutir\u00e3o coletivo de combate \u00e0<\/p>\n","protected":false},"author":1,"featured_media":11392,"comment_status":"closed","ping_status":"open","sticky":false,"template":"","format":"standard","meta":{"footnotes":""},"categories":[58],"tags":[],"class_list":["post-11389","post","type-post","status-publish","format-standard","has-post-thumbnail","hentry","category-health"],"_links":{"self":[{"href":"https:\/\/www.santaritadopassaquatro.sp.gov.br\/portal\/wp-json\/wp\/v2\/posts\/11389","targetHints":{"allow":["GET"]}}],"collection":[{"href":"https:\/\/www.santaritadopassaquatro.sp.gov.br\/portal\/wp-json\/wp\/v2\/posts"}],"about":[{"href":"https:\/\/www.santaritadopassaquatro.sp.gov.br\/portal\/wp-json\/wp\/v2\/types\/post"}],"author":[{"embeddable":true,"href":"https:\/\/www.santaritadopassaquatro.sp.gov.br\/portal\/wp-json\/wp\/v2\/users\/1"}],"replies":[{"embeddable":true,"href":"https:\/\/www.santaritadopassaquatro.sp.gov.br\/portal\/wp-json\/wp\/v2\/comments?post=11389"}],"version-history":[{"count":1,"href":"https:\/\/www.santaritadopassaquatro.sp.gov.br\/portal\/wp-json\/wp\/v2\/posts\/11389\/revisions"}],"predecessor-version":[{"id":11393,"href":"https:\/\/www.santaritadopassaquatro.sp.gov.br\/portal\/wp-json\/wp\/v2\/posts\/11389\/revisions\/11393"}],"wp:featuredmedia":[{"embeddable":true,"href":"https:\/\/www.santaritadopassaquatro.sp.gov.br\/portal\/wp-json\/wp\/v2\/media\/11392"}],"wp:attachment":[{"href":"https:\/\/www.santaritadopassaquatro.sp.gov.br\/portal\/wp-json\/wp\/v2\/media?parent=11389"}],"wp:term":[{"taxonomy":"category","embeddable":true,"href":"https:\/\/www.santaritadopassaquatro.sp.gov.br\/portal\/wp-json\/wp\/v2\/categories?post=11389"},{"taxonomy":"post_tag","embeddable":true,"href":"https:\/\/www.santaritadopassaquatro.sp.gov.br\/portal\/wp-json\/wp\/v2\/tags?post=11389"}],"curies":[{"name":"wp","href":"https:\/\/api.w.org\/{rel}","templated":true}]}}