{"id":11394,"date":"2025-02-14T15:43:00","date_gmt":"2025-02-14T18:43:00","guid":{"rendered":"https:\/\/www.santaritadopassaquatro.sp.gov.br\/portal\/?p=11394"},"modified":"2025-03-14T15:45:49","modified_gmt":"2025-03-14T18:45:49","slug":"%f0%9f%8e%ad%e2%9c%a8-semana-artistico-cultural-salvador-pujals-sabate-um-grande-sucesso-%f0%9f%8e%a8%f0%9f%8e%b6","status":"publish","type":"post","link":"https:\/\/www.santaritadopassaquatro.sp.gov.br\/portal\/%f0%9f%8e%ad%e2%9c%a8-semana-artistico-cultural-salvador-pujals-sabate-um-grande-sucesso-%f0%9f%8e%a8%f0%9f%8e%b6\/","title":{"rendered":"\ud83c\udfad\u2728 Semana Art\u00edstico-Cultural &#8220;Salvador Pujals Sabat\u00e9&#8221; \u2013 Um Grande Sucesso! \ud83c\udfa8\ud83c\udfb6"},"content":{"rendered":"\n<p>Santa Rita do Passa Quatro viveu dias inesquec\u00edveis de arte, cultura e emo\u00e7\u00e3o! De 17 a 22 de fevereiro, a Semana Art\u00edstico-Cultural &#8220;Salvador Pujals Sabat\u00e9&#8221; trouxe exposi\u00e7\u00f5es, apresenta\u00e7\u00f5es, debates e muito mais, celebrando o talento e a diversidade cultural de nossa cidade.<br>Destaque para o Divertissement Art\u00edstico, realizado na ter\u00e7a-feira (18\/02), que encantou o p\u00fablico com as bel\u00edssimas apresenta\u00e7\u00f5es de dan\u00e7a do Studio Arte e Movimento e a m\u00fasica envolvente do Quinteto Villa M\u00fasica (ABEVEC) no Centro Cultural Gov. M\u00e1rio Covas. \ud83d\udc83\ud83c\udfbb<br>Agradecemos a todos os artistas, participantes e p\u00fablico que fizeram dessa semana um verdadeiro espet\u00e1culo! Que essa energia cultural continue viva em Santa Rita do Passa Quatro! \u2728\ud83c\udfad<\/p>\n\n\n\n<figure class=\"wp-block-gallery has-nested-images columns-default is-cropped wp-block-gallery-1 is-layout-flex wp-block-gallery-is-layout-flex\">\n<figure class=\"wp-block-image size-large\"><img decoding=\"async\" width=\"2048\" height=\"2560\" data-id=\"11401\" src=\"https:\/\/www.santaritadopassaquatro.sp.gov.br\/portal\/wp-content\/uploads\/2025\/03\/WhatsApp-Image-2025-03-12-at-08.53.25.jpeg\" alt=\"\" class=\"wp-image-11401\"\/><\/figure>\n\n\n\n<figure class=\"wp-block-image size-large\"><img decoding=\"async\" width=\"2048\" height=\"2560\" data-id=\"11400\" src=\"https:\/\/www.santaritadopassaquatro.sp.gov.br\/portal\/wp-content\/uploads\/2025\/03\/WhatsApp-Image-2025-03-12-at-08.53.25-4.jpeg\" alt=\"\" class=\"wp-image-11400\"\/><\/figure>\n\n\n\n<figure class=\"wp-block-image size-large\"><img decoding=\"async\" width=\"2048\" height=\"2560\" data-id=\"11399\" src=\"https:\/\/www.santaritadopassaquatro.sp.gov.br\/portal\/wp-content\/uploads\/2025\/03\/WhatsApp-Image-2025-03-12-at-08.53.25-3.jpeg\" alt=\"\" class=\"wp-image-11399\"\/><\/figure>\n\n\n\n<figure class=\"wp-block-image size-large\"><img decoding=\"async\" width=\"2048\" height=\"2560\" data-id=\"11398\" src=\"https:\/\/www.santaritadopassaquatro.sp.gov.br\/portal\/wp-content\/uploads\/2025\/03\/WhatsApp-Image-2025-03-12-at-08.53.25-2.jpeg\" alt=\"\" class=\"wp-image-11398\"\/><\/figure>\n\n\n\n<figure class=\"wp-block-image size-large\"><img decoding=\"async\" width=\"2048\" height=\"2560\" data-id=\"11397\" src=\"https:\/\/www.santaritadopassaquatro.sp.gov.br\/portal\/wp-content\/uploads\/2025\/03\/WhatsApp-Image-2025-03-12-at-08.53.25-1.jpeg\" alt=\"\" class=\"wp-image-11397\"\/><\/figure>\n\n\n\n<figure class=\"wp-block-image size-large\"><img decoding=\"async\" width=\"2048\" height=\"2560\" data-id=\"11396\" src=\"https:\/\/www.santaritadopassaquatro.sp.gov.br\/portal\/wp-content\/uploads\/2025\/03\/WhatsApp-Image-2025-03-12-at-08.53.24.jpeg\" alt=\"\" class=\"wp-image-11396\"\/><\/figure>\n\n\n\n<figure class=\"wp-block-image size-large\"><img decoding=\"async\" width=\"2048\" height=\"2560\" data-id=\"11395\" src=\"https:\/\/www.santaritadopassaquatro.sp.gov.br\/portal\/wp-content\/uploads\/2025\/03\/WhatsApp-Image-2025-03-12-at-08.53.24-1.jpeg\" alt=\"\" class=\"wp-image-11395\"\/><\/figure>\n<\/figure>\n","protected":false},"excerpt":{"rendered":"<p>Santa Rita do Passa Quatro viveu dias inesquec\u00edveis de arte, cultura e emo\u00e7\u00e3o! De 17 a 22 de fevereiro, a<\/p>\n","protected":false},"author":1,"featured_media":11401,"comment_status":"closed","ping_status":"open","sticky":false,"template":"","format":"standard","meta":{"footnotes":""},"categories":[46],"tags":[],"class_list":["post-11394","post","type-post","status-publish","format-standard","has-post-thumbnail","hentry","category-cultura"],"_links":{"self":[{"href":"https:\/\/www.santaritadopassaquatro.sp.gov.br\/portal\/wp-json\/wp\/v2\/posts\/11394","targetHints":{"allow":["GET"]}}],"collection":[{"href":"https:\/\/www.santaritadopassaquatro.sp.gov.br\/portal\/wp-json\/wp\/v2\/posts"}],"about":[{"href":"https:\/\/www.santaritadopassaquatro.sp.gov.br\/portal\/wp-json\/wp\/v2\/types\/post"}],"author":[{"embeddable":true,"href":"https:\/\/www.santaritadopassaquatro.sp.gov.br\/portal\/wp-json\/wp\/v2\/users\/1"}],"replies":[{"embeddable":true,"href":"https:\/\/www.santaritadopassaquatro.sp.gov.br\/portal\/wp-json\/wp\/v2\/comments?post=11394"}],"version-history":[{"count":1,"href":"https:\/\/www.santaritadopassaquatro.sp.gov.br\/portal\/wp-json\/wp\/v2\/posts\/11394\/revisions"}],"predecessor-version":[{"id":11402,"href":"https:\/\/www.santaritadopassaquatro.sp.gov.br\/portal\/wp-json\/wp\/v2\/posts\/11394\/revisions\/11402"}],"wp:featuredmedia":[{"embeddable":true,"href":"https:\/\/www.santaritadopassaquatro.sp.gov.br\/portal\/wp-json\/wp\/v2\/media\/11401"}],"wp:attachment":[{"href":"https:\/\/www.santaritadopassaquatro.sp.gov.br\/portal\/wp-json\/wp\/v2\/media?parent=11394"}],"wp:term":[{"taxonomy":"category","embeddable":true,"href":"https:\/\/www.santaritadopassaquatro.sp.gov.br\/portal\/wp-json\/wp\/v2\/categories?post=11394"},{"taxonomy":"post_tag","embeddable":true,"href":"https:\/\/www.santaritadopassaquatro.sp.gov.br\/portal\/wp-json\/wp\/v2\/tags?post=11394"}],"curies":[{"name":"wp","href":"https:\/\/api.w.org\/{rel}","templated":true}]}}