{"id":11403,"date":"2025-02-14T15:46:00","date_gmt":"2025-02-14T18:46:00","guid":{"rendered":"https:\/\/www.santaritadopassaquatro.sp.gov.br\/portal\/?p=11403"},"modified":"2025-03-14T15:47:31","modified_gmt":"2025-03-14T18:47:31","slug":"%f0%9f%8e%ad%e2%9c%a8-semana-artistico-cultural-salvador-pujals-sabate-um-grande-sucesso-%f0%9f%8e%a8%f0%9f%8e%b6-2","status":"publish","type":"post","link":"https:\/\/www.santaritadopassaquatro.sp.gov.br\/portal\/%f0%9f%8e%ad%e2%9c%a8-semana-artistico-cultural-salvador-pujals-sabate-um-grande-sucesso-%f0%9f%8e%a8%f0%9f%8e%b6-2\/","title":{"rendered":"\ud83c\udfad\u2728 Semana Art\u00edstico-Cultural &#8220;Salvador Pujals Sabat\u00e9&#8221; \u2013 Um Grande Sucesso! \ud83c\udfa8\ud83c\udfb6"},"content":{"rendered":"\n<p>Santa Rita do Passa Quatro viveu dias inesquec\u00edveis de arte, cultura e emo\u00e7\u00e3o! De 17 a 22 de fevereiro, a Semana Art\u00edstico-Cultural &#8220;Salvador Pujals Sabat\u00e9&#8221; trouxe exposi\u00e7\u00f5es, apresenta\u00e7\u00f5es, debates e muito mais, celebrando o talento e a diversidade cultural de nossa cidade.<br>Na quarta-feira, 19 de fevereiro, o Centro Cultural Gov. M\u00e1rio Covas, recebeu os alunos do Ensino M\u00e9dio das Escolas Estaduais de nossa Cidade Poema para a exibi\u00e7\u00e3o virtual da Pe\u00e7a Teatral \u201cTraga-me a cabe\u00e7a de Lima Barreto\u201d de Hilton Cobra, em parceria com a Coordena\u00e7\u00e3o da Promo\u00e7\u00e3o da Igualdade Racial!<br>\u27a1\ufe0f Agradecemos a todos os artistas, participantes e p\u00fablico que fizeram dessa semana um verdadeiro espet\u00e1culo! Que essa energia cultural continue viva em Santa Rita do Passa Quatro! \u2728\ud83c\udfad<\/p>\n\n\n\n<figure class=\"wp-block-gallery has-nested-images columns-default is-cropped wp-block-gallery-1 is-layout-flex wp-block-gallery-is-layout-flex\">\n<figure class=\"wp-block-image size-large\"><img decoding=\"async\" width=\"2048\" height=\"2560\" data-id=\"11406\" src=\"https:\/\/www.santaritadopassaquatro.sp.gov.br\/portal\/wp-content\/uploads\/2025\/03\/d7902026-3476-425f-b969-ac6025594fca.jpg\" alt=\"\" class=\"wp-image-11406\"\/><\/figure>\n\n\n\n<figure class=\"wp-block-image size-large\"><img decoding=\"async\" width=\"2048\" height=\"2560\" data-id=\"11405\" src=\"https:\/\/www.santaritadopassaquatro.sp.gov.br\/portal\/wp-content\/uploads\/2025\/03\/828c0c67-4799-481b-b4f4-e36fc10d79ba.jpg\" alt=\"\" class=\"wp-image-11405\"\/><\/figure>\n<\/figure>\n","protected":false},"excerpt":{"rendered":"<p>Santa Rita do Passa Quatro viveu dias inesquec\u00edveis de arte, cultura e emo\u00e7\u00e3o! De 17 a 22 de fevereiro, a<\/p>\n","protected":false},"author":1,"featured_media":11404,"comment_status":"closed","ping_status":"open","sticky":false,"template":"","format":"standard","meta":{"footnotes":""},"categories":[46],"tags":[],"class_list":["post-11403","post","type-post","status-publish","format-standard","has-post-thumbnail","hentry","category-cultura"],"_links":{"self":[{"href":"https:\/\/www.santaritadopassaquatro.sp.gov.br\/portal\/wp-json\/wp\/v2\/posts\/11403","targetHints":{"allow":["GET"]}}],"collection":[{"href":"https:\/\/www.santaritadopassaquatro.sp.gov.br\/portal\/wp-json\/wp\/v2\/posts"}],"about":[{"href":"https:\/\/www.santaritadopassaquatro.sp.gov.br\/portal\/wp-json\/wp\/v2\/types\/post"}],"author":[{"embeddable":true,"href":"https:\/\/www.santaritadopassaquatro.sp.gov.br\/portal\/wp-json\/wp\/v2\/users\/1"}],"replies":[{"embeddable":true,"href":"https:\/\/www.santaritadopassaquatro.sp.gov.br\/portal\/wp-json\/wp\/v2\/comments?post=11403"}],"version-history":[{"count":1,"href":"https:\/\/www.santaritadopassaquatro.sp.gov.br\/portal\/wp-json\/wp\/v2\/posts\/11403\/revisions"}],"predecessor-version":[{"id":11407,"href":"https:\/\/www.santaritadopassaquatro.sp.gov.br\/portal\/wp-json\/wp\/v2\/posts\/11403\/revisions\/11407"}],"wp:featuredmedia":[{"embeddable":true,"href":"https:\/\/www.santaritadopassaquatro.sp.gov.br\/portal\/wp-json\/wp\/v2\/media\/11404"}],"wp:attachment":[{"href":"https:\/\/www.santaritadopassaquatro.sp.gov.br\/portal\/wp-json\/wp\/v2\/media?parent=11403"}],"wp:term":[{"taxonomy":"category","embeddable":true,"href":"https:\/\/www.santaritadopassaquatro.sp.gov.br\/portal\/wp-json\/wp\/v2\/categories?post=11403"},{"taxonomy":"post_tag","embeddable":true,"href":"https:\/\/www.santaritadopassaquatro.sp.gov.br\/portal\/wp-json\/wp\/v2\/tags?post=11403"}],"curies":[{"name":"wp","href":"https:\/\/api.w.org\/{rel}","templated":true}]}}