{"id":11408,"date":"2025-03-14T15:49:06","date_gmt":"2025-03-14T18:49:06","guid":{"rendered":"https:\/\/www.santaritadopassaquatro.sp.gov.br\/portal\/?p=11408"},"modified":"2025-03-14T15:49:07","modified_gmt":"2025-03-14T18:49:07","slug":"%f0%9f%8e%ad%e2%9c%a8-semana-artistico-cultural-salvador-pujals-sabate-um-grande-sucesso-%f0%9f%8e%a8%f0%9f%8e%b6-3","status":"publish","type":"post","link":"https:\/\/www.santaritadopassaquatro.sp.gov.br\/portal\/%f0%9f%8e%ad%e2%9c%a8-semana-artistico-cultural-salvador-pujals-sabate-um-grande-sucesso-%f0%9f%8e%a8%f0%9f%8e%b6-3\/","title":{"rendered":"\ud83c\udfad\u2728 Semana Art\u00edstico-Cultural &#8220;Salvador Pujals Sabat\u00e9&#8221; \u2013 Um Grande Sucesso! \ud83c\udfa8\ud83c\udfb6"},"content":{"rendered":"\n<p>Santa Rita do Passa Quatro viveu dias inesquec\u00edveis de arte, cultura e emo\u00e7\u00e3o! De 17 a 22 de fevereiro, a Semana Art\u00edstico-Cultural &#8220;Salvador Pujals Sabat\u00e9&#8221; trouxe exposi\u00e7\u00f5es, apresenta\u00e7\u00f5es, debates e muito mais, celebrando o talento e a diversidade cultural de nossa cidade.<br>Na quinta-feira, 20 de fevereiro, a Biblioteca Municipal &#8220;Dr. Evandro Mesquita&#8221; foi o palco para o Sarau com Roda de Conversa \u201cSemana da Arte Moderna\u201d que contou interven\u00e7\u00e3o cultural em uma din\u00e2mica desconstru\u00edda e acolhedora, focada na troca de ideias. O encontro foi mediado pelo Prof. Dr. e Mestre em Hist\u00f3ria, Guilherme Zufelato com Interven\u00e7\u00f5es Art\u00edsticas realizadas pelos Membros do COMCULT.<br>\u27a1\ufe0f Agradecemos a todos os artistas, participantes e p\u00fablico que fizeram dessa semana um verdadeiro espet\u00e1culo! Que essa energia cultural continue viva em Santa Rita do Passa Quatro! \u2728\ud83c\udfad<\/p>\n\n\n\n<figure class=\"wp-block-gallery has-nested-images columns-default is-cropped wp-block-gallery-1 is-layout-flex wp-block-gallery-is-layout-flex\">\n<figure class=\"wp-block-image size-large\"><img decoding=\"async\" width=\"2048\" height=\"2560\" data-id=\"11413\" src=\"https:\/\/www.santaritadopassaquatro.sp.gov.br\/portal\/wp-content\/uploads\/2025\/03\/WhatsApp-Image-2025-03-12-at-08.57.39.jpeg\" alt=\"\" class=\"wp-image-11413\"\/><\/figure>\n\n\n\n<figure class=\"wp-block-image size-large\"><img decoding=\"async\" width=\"2048\" height=\"2560\" data-id=\"11412\" src=\"https:\/\/www.santaritadopassaquatro.sp.gov.br\/portal\/wp-content\/uploads\/2025\/03\/WhatsApp-Image-2025-03-12-at-08.57.39-2.jpeg\" alt=\"\" class=\"wp-image-11412\"\/><\/figure>\n\n\n\n<figure class=\"wp-block-image size-large\"><img decoding=\"async\" width=\"2048\" height=\"2560\" data-id=\"11411\" src=\"https:\/\/www.santaritadopassaquatro.sp.gov.br\/portal\/wp-content\/uploads\/2025\/03\/WhatsApp-Image-2025-03-12-at-08.57.39-1.jpeg\" alt=\"\" class=\"wp-image-11411\"\/><\/figure>\n\n\n\n<figure class=\"wp-block-image size-large\"><img decoding=\"async\" width=\"2048\" height=\"2560\" data-id=\"11410\" src=\"https:\/\/www.santaritadopassaquatro.sp.gov.br\/portal\/wp-content\/uploads\/2025\/03\/WhatsApp-Image-2025-03-12-at-08.57.38.jpeg\" alt=\"\" class=\"wp-image-11410\"\/><\/figure>\n\n\n\n<figure class=\"wp-block-image size-large\"><img decoding=\"async\" width=\"2048\" height=\"2560\" data-id=\"11409\" src=\"https:\/\/www.santaritadopassaquatro.sp.gov.br\/portal\/wp-content\/uploads\/2025\/03\/WhatsApp-Image-2025-03-12-at-08.57.38-1.jpeg\" alt=\"\" class=\"wp-image-11409\"\/><\/figure>\n<\/figure>\n","protected":false},"excerpt":{"rendered":"<p>Santa Rita do Passa Quatro viveu dias inesquec\u00edveis de arte, cultura e emo\u00e7\u00e3o! De 17 a 22 de fevereiro, a<\/p>\n","protected":false},"author":1,"featured_media":11413,"comment_status":"closed","ping_status":"open","sticky":false,"template":"","format":"standard","meta":{"footnotes":""},"categories":[46],"tags":[],"class_list":["post-11408","post","type-post","status-publish","format-standard","has-post-thumbnail","hentry","category-cultura"],"_links":{"self":[{"href":"https:\/\/www.santaritadopassaquatro.sp.gov.br\/portal\/wp-json\/wp\/v2\/posts\/11408","targetHints":{"allow":["GET"]}}],"collection":[{"href":"https:\/\/www.santaritadopassaquatro.sp.gov.br\/portal\/wp-json\/wp\/v2\/posts"}],"about":[{"href":"https:\/\/www.santaritadopassaquatro.sp.gov.br\/portal\/wp-json\/wp\/v2\/types\/post"}],"author":[{"embeddable":true,"href":"https:\/\/www.santaritadopassaquatro.sp.gov.br\/portal\/wp-json\/wp\/v2\/users\/1"}],"replies":[{"embeddable":true,"href":"https:\/\/www.santaritadopassaquatro.sp.gov.br\/portal\/wp-json\/wp\/v2\/comments?post=11408"}],"version-history":[{"count":1,"href":"https:\/\/www.santaritadopassaquatro.sp.gov.br\/portal\/wp-json\/wp\/v2\/posts\/11408\/revisions"}],"predecessor-version":[{"id":11414,"href":"https:\/\/www.santaritadopassaquatro.sp.gov.br\/portal\/wp-json\/wp\/v2\/posts\/11408\/revisions\/11414"}],"wp:featuredmedia":[{"embeddable":true,"href":"https:\/\/www.santaritadopassaquatro.sp.gov.br\/portal\/wp-json\/wp\/v2\/media\/11413"}],"wp:attachment":[{"href":"https:\/\/www.santaritadopassaquatro.sp.gov.br\/portal\/wp-json\/wp\/v2\/media?parent=11408"}],"wp:term":[{"taxonomy":"category","embeddable":true,"href":"https:\/\/www.santaritadopassaquatro.sp.gov.br\/portal\/wp-json\/wp\/v2\/categories?post=11408"},{"taxonomy":"post_tag","embeddable":true,"href":"https:\/\/www.santaritadopassaquatro.sp.gov.br\/portal\/wp-json\/wp\/v2\/tags?post=11408"}],"curies":[{"name":"wp","href":"https:\/\/api.w.org\/{rel}","templated":true}]}}