{"id":11418,"date":"2025-03-14T15:51:22","date_gmt":"2025-03-14T18:51:22","guid":{"rendered":"https:\/\/www.santaritadopassaquatro.sp.gov.br\/portal\/?p=11418"},"modified":"2025-03-14T15:51:23","modified_gmt":"2025-03-14T18:51:23","slug":"%f0%9f%93%a2-dialogo-e-participacao-para-o-progresso-%f0%9f%a4%9d%f0%9f%8f%a1","status":"publish","type":"post","link":"https:\/\/www.santaritadopassaquatro.sp.gov.br\/portal\/%f0%9f%93%a2-dialogo-e-participacao-para-o-progresso-%f0%9f%a4%9d%f0%9f%8f%a1\/","title":{"rendered":"\ud83d\udce2 Di\u00e1logo e Participa\u00e7\u00e3o para o Progresso! \ud83e\udd1d\ud83c\udfe1"},"content":{"rendered":"\n<p>Na tarde desta ter\u00e7a-feira (25), o Prefeito Marcelo Sim\u00e3o recebeu Rafael Cust\u00f3dio, morador do Bairro Parque Lagoinha, que trouxe importantes sugest\u00f5es para melhorias na cidade. A reuni\u00e3o contou com a presen\u00e7a do Presidente da C\u00e2mara, Vereador Verdun, e dos Vereadores Everton Silva, Vanderlei Kill, Fernando Borges, Kleber Borotto, F\u00e1bio Gusman e Renata Barioni.<br>\u2705 O di\u00e1logo entre a gest\u00e3o municipal e a popula\u00e7\u00e3o \u00e9 essencial para construir uma cidade cada vez melhor!<\/p>\n\n\n\n<figure class=\"wp-block-gallery has-nested-images columns-default is-cropped wp-block-gallery-1 is-layout-flex wp-block-gallery-is-layout-flex\">\n<figure class=\"wp-block-image size-large\"><img decoding=\"async\" width=\"2048\" height=\"2560\" data-id=\"11419\" src=\"https:\/\/www.santaritadopassaquatro.sp.gov.br\/portal\/wp-content\/uploads\/2025\/03\/86caac17-fb93-47cd-a73c-a4939a6b52d9.jpg\" alt=\"\" class=\"wp-image-11419\"\/><\/figure>\n\n\n\n<figure class=\"wp-block-image size-large\"><img decoding=\"async\" width=\"2048\" height=\"2560\" data-id=\"11420\" src=\"https:\/\/www.santaritadopassaquatro.sp.gov.br\/portal\/wp-content\/uploads\/2025\/03\/6570aba2-69ee-4723-98d5-263399ad83d6.jpg\" alt=\"\" class=\"wp-image-11420\"\/><\/figure>\n<\/figure>\n","protected":false},"excerpt":{"rendered":"<p>Na tarde desta ter\u00e7a-feira (25), o Prefeito Marcelo Sim\u00e3o recebeu Rafael Cust\u00f3dio, morador do Bairro Parque Lagoinha, que trouxe importantes<\/p>\n","protected":false},"author":1,"featured_media":11420,"comment_status":"closed","ping_status":"open","sticky":false,"template":"","format":"standard","meta":{"footnotes":""},"categories":[47],"tags":[],"class_list":["post-11418","post","type-post","status-publish","format-standard","has-post-thumbnail","hentry","category-desenvovimento"],"_links":{"self":[{"href":"https:\/\/www.santaritadopassaquatro.sp.gov.br\/portal\/wp-json\/wp\/v2\/posts\/11418","targetHints":{"allow":["GET"]}}],"collection":[{"href":"https:\/\/www.santaritadopassaquatro.sp.gov.br\/portal\/wp-json\/wp\/v2\/posts"}],"about":[{"href":"https:\/\/www.santaritadopassaquatro.sp.gov.br\/portal\/wp-json\/wp\/v2\/types\/post"}],"author":[{"embeddable":true,"href":"https:\/\/www.santaritadopassaquatro.sp.gov.br\/portal\/wp-json\/wp\/v2\/users\/1"}],"replies":[{"embeddable":true,"href":"https:\/\/www.santaritadopassaquatro.sp.gov.br\/portal\/wp-json\/wp\/v2\/comments?post=11418"}],"version-history":[{"count":1,"href":"https:\/\/www.santaritadopassaquatro.sp.gov.br\/portal\/wp-json\/wp\/v2\/posts\/11418\/revisions"}],"predecessor-version":[{"id":11421,"href":"https:\/\/www.santaritadopassaquatro.sp.gov.br\/portal\/wp-json\/wp\/v2\/posts\/11418\/revisions\/11421"}],"wp:featuredmedia":[{"embeddable":true,"href":"https:\/\/www.santaritadopassaquatro.sp.gov.br\/portal\/wp-json\/wp\/v2\/media\/11420"}],"wp:attachment":[{"href":"https:\/\/www.santaritadopassaquatro.sp.gov.br\/portal\/wp-json\/wp\/v2\/media?parent=11418"}],"wp:term":[{"taxonomy":"category","embeddable":true,"href":"https:\/\/www.santaritadopassaquatro.sp.gov.br\/portal\/wp-json\/wp\/v2\/categories?post=11418"},{"taxonomy":"post_tag","embeddable":true,"href":"https:\/\/www.santaritadopassaquatro.sp.gov.br\/portal\/wp-json\/wp\/v2\/tags?post=11418"}],"curies":[{"name":"wp","href":"https:\/\/api.w.org\/{rel}","templated":true}]}}