{"id":11432,"date":"2025-03-14T15:54:13","date_gmt":"2025-03-14T18:54:13","guid":{"rendered":"https:\/\/www.santaritadopassaquatro.sp.gov.br\/portal\/?p=11432"},"modified":"2025-03-14T15:54:15","modified_gmt":"2025-03-14T18:54:15","slug":"%f0%9f%a9%ba%f0%9f%92%9b-proteja-quem-voce-ama-vacinacao-contra-a-febre-amarela-%f0%9f%92%9b%f0%9f%a9%ba","status":"publish","type":"post","link":"https:\/\/www.santaritadopassaquatro.sp.gov.br\/portal\/%f0%9f%a9%ba%f0%9f%92%9b-proteja-quem-voce-ama-vacinacao-contra-a-febre-amarela-%f0%9f%92%9b%f0%9f%a9%ba\/","title":{"rendered":"\ud83e\ude7a\ud83d\udc9b Proteja quem voc\u00ea ama! Vacina\u00e7\u00e3o contra a Febre Amarela! \ud83d\udc9b\ud83e\ude7a"},"content":{"rendered":"\n<p>Fam\u00edlias de Santa Rita, a imuniza\u00e7\u00e3o \u00e9 a melhor forma de preven\u00e7\u00e3o! \ud83e\udd9f\ud83d\udc89<br>\ud83d\udccc Crian\u00e7as menores de 5 anos:<br>\ud83d\udc76 9 meses \u2013 Primeira dose<br>\ud83e\uddd2 4 anos \u2013 Segunda dose<br>\ud83d\udc69\u200d\u2695\ufe0f Beb\u00eas de 6 a 8 meses acompanhados no HC Ribeir\u00e3o devem tomar 1 dose<br>\ud83d\udccc A partir de 5 anos: Dose \u00fanica!<br>\ud83d\udccd Locais e hor\u00e1rios:<br>\ud83d\udd56 Segunda a sexta, das 7h \u00e0s 15h<br>\ud83c\udfe5 CSII \u2013 Rua In\u00e1cio Ribeiro, 438<br>\ud83c\udfe5 CAIC \u2013 Rua Faustino Moura, 130<br>A febre amarela pode ser grave, mas a preven\u00e7\u00e3o est\u00e1 ao seu alcance! Vacine-se e proteja a sua fam\u00edlia! \ud83d\udcaa\ud83d\udc89<\/p>\n","protected":false},"excerpt":{"rendered":"<p>Fam\u00edlias de Santa Rita, a imuniza\u00e7\u00e3o \u00e9 a melhor forma de preven\u00e7\u00e3o! \ud83e\udd9f\ud83d\udc89\ud83d\udccc Crian\u00e7as menores de 5 anos:\ud83d\udc76 9 meses<\/p>\n","protected":false},"author":1,"featured_media":11433,"comment_status":"closed","ping_status":"open","sticky":false,"template":"","format":"standard","meta":{"footnotes":""},"categories":[58],"tags":[],"class_list":["post-11432","post","type-post","status-publish","format-standard","has-post-thumbnail","hentry","category-health"],"_links":{"self":[{"href":"https:\/\/www.santaritadopassaquatro.sp.gov.br\/portal\/wp-json\/wp\/v2\/posts\/11432","targetHints":{"allow":["GET"]}}],"collection":[{"href":"https:\/\/www.santaritadopassaquatro.sp.gov.br\/portal\/wp-json\/wp\/v2\/posts"}],"about":[{"href":"https:\/\/www.santaritadopassaquatro.sp.gov.br\/portal\/wp-json\/wp\/v2\/types\/post"}],"author":[{"embeddable":true,"href":"https:\/\/www.santaritadopassaquatro.sp.gov.br\/portal\/wp-json\/wp\/v2\/users\/1"}],"replies":[{"embeddable":true,"href":"https:\/\/www.santaritadopassaquatro.sp.gov.br\/portal\/wp-json\/wp\/v2\/comments?post=11432"}],"version-history":[{"count":1,"href":"https:\/\/www.santaritadopassaquatro.sp.gov.br\/portal\/wp-json\/wp\/v2\/posts\/11432\/revisions"}],"predecessor-version":[{"id":11434,"href":"https:\/\/www.santaritadopassaquatro.sp.gov.br\/portal\/wp-json\/wp\/v2\/posts\/11432\/revisions\/11434"}],"wp:featuredmedia":[{"embeddable":true,"href":"https:\/\/www.santaritadopassaquatro.sp.gov.br\/portal\/wp-json\/wp\/v2\/media\/11433"}],"wp:attachment":[{"href":"https:\/\/www.santaritadopassaquatro.sp.gov.br\/portal\/wp-json\/wp\/v2\/media?parent=11432"}],"wp:term":[{"taxonomy":"category","embeddable":true,"href":"https:\/\/www.santaritadopassaquatro.sp.gov.br\/portal\/wp-json\/wp\/v2\/categories?post=11432"},{"taxonomy":"post_tag","embeddable":true,"href":"https:\/\/www.santaritadopassaquatro.sp.gov.br\/portal\/wp-json\/wp\/v2\/tags?post=11432"}],"curies":[{"name":"wp","href":"https:\/\/api.w.org\/{rel}","templated":true}]}}