{"id":11435,"date":"2025-02-26T15:54:00","date_gmt":"2025-02-26T18:54:00","guid":{"rendered":"https:\/\/www.santaritadopassaquatro.sp.gov.br\/portal\/?p=11435"},"modified":"2025-03-14T15:55:44","modified_gmt":"2025-03-14T18:55:44","slug":"%f0%9f%9a%a8-prefeitura-intensifica-o-combate-a-dengue-%f0%9f%9a%a8","status":"publish","type":"post","link":"https:\/\/www.santaritadopassaquatro.sp.gov.br\/portal\/%f0%9f%9a%a8-prefeitura-intensifica-o-combate-a-dengue-%f0%9f%9a%a8\/","title":{"rendered":"\ud83d\udea8 PREFEITURA INTENSIFICA O COMBATE \u00c0 DENGUE \ud83d\udea8"},"content":{"rendered":"\n<p>A Prefeitura Municipal de Santa Rita do Passa Quatro, por meio do Departamento de Sa\u00fade, junto com a diretora Andr\u00e9a Estevam e colaboradores, participou nesta ter\u00e7a-feira, 25 de fevereiro, de uma importante reuni\u00e3o na C\u00e2mara Municipal para alinhar estrat\u00e9gias no enfrentamento \u00e0 dengue. \ud83c\udfe1\ud83e\udd9f<br>O encontro tamb\u00e9m contou com a participa\u00e7\u00e3o do Presidente da C\u00e2mara, Vereador Verdun, dos Vereadores Amadeu Louren\u00e7o, Peron do Escrit\u00f3rio, Vanderlei Kill, Renata Barioni, Kleber Borotto e Fernando Borges, al\u00e9m de representantes da SUCEN (Superintend\u00eancia de Controle de Endemias), incluindo o engenheiro agr\u00f4nomo Maur\u00edcio Vladimir Botti, da Coordenadoria de Controle de Doen\u00e7as do Estado de S\u00e3o Paulo. O objetivo \u00e9 fortalecer a\u00e7\u00f5es de monitoramento e preven\u00e7\u00e3o para proteger nossa popula\u00e7\u00e3o. \u2705<br>A Prefeitura segue firme no combate \u00e0 dengue, unindo esfor\u00e7os para garantir mais sa\u00fade e qualidade de vida para todos! \ud83d\udc99\ud83d\udcaa\ud83c\udffd<\/p>\n\n\n\n<figure class=\"wp-block-image size-full\"><img decoding=\"async\" width=\"2048\" height=\"2560\" src=\"http:\/\/www.santaritadopassaquatro.sp.gov.br\/portal\/wp-content\/uploads\/2025\/03\/f66d8123-6f27-4f97-835d-049ac7da4fb7.jpg\" alt=\"\" class=\"wp-image-11437\"\/><\/figure>\n","protected":false},"excerpt":{"rendered":"<p>A Prefeitura Municipal de Santa Rita do Passa Quatro, por meio do Departamento de Sa\u00fade, junto com a diretora Andr\u00e9a<\/p>\n","protected":false},"author":1,"featured_media":11436,"comment_status":"closed","ping_status":"open","sticky":false,"template":"","format":"standard","meta":{"footnotes":""},"categories":[58],"tags":[],"class_list":["post-11435","post","type-post","status-publish","format-standard","has-post-thumbnail","hentry","category-health"],"_links":{"self":[{"href":"https:\/\/www.santaritadopassaquatro.sp.gov.br\/portal\/wp-json\/wp\/v2\/posts\/11435","targetHints":{"allow":["GET"]}}],"collection":[{"href":"https:\/\/www.santaritadopassaquatro.sp.gov.br\/portal\/wp-json\/wp\/v2\/posts"}],"about":[{"href":"https:\/\/www.santaritadopassaquatro.sp.gov.br\/portal\/wp-json\/wp\/v2\/types\/post"}],"author":[{"embeddable":true,"href":"https:\/\/www.santaritadopassaquatro.sp.gov.br\/portal\/wp-json\/wp\/v2\/users\/1"}],"replies":[{"embeddable":true,"href":"https:\/\/www.santaritadopassaquatro.sp.gov.br\/portal\/wp-json\/wp\/v2\/comments?post=11435"}],"version-history":[{"count":1,"href":"https:\/\/www.santaritadopassaquatro.sp.gov.br\/portal\/wp-json\/wp\/v2\/posts\/11435\/revisions"}],"predecessor-version":[{"id":11438,"href":"https:\/\/www.santaritadopassaquatro.sp.gov.br\/portal\/wp-json\/wp\/v2\/posts\/11435\/revisions\/11438"}],"wp:featuredmedia":[{"embeddable":true,"href":"https:\/\/www.santaritadopassaquatro.sp.gov.br\/portal\/wp-json\/wp\/v2\/media\/11436"}],"wp:attachment":[{"href":"https:\/\/www.santaritadopassaquatro.sp.gov.br\/portal\/wp-json\/wp\/v2\/media?parent=11435"}],"wp:term":[{"taxonomy":"category","embeddable":true,"href":"https:\/\/www.santaritadopassaquatro.sp.gov.br\/portal\/wp-json\/wp\/v2\/categories?post=11435"},{"taxonomy":"post_tag","embeddable":true,"href":"https:\/\/www.santaritadopassaquatro.sp.gov.br\/portal\/wp-json\/wp\/v2\/tags?post=11435"}],"curies":[{"name":"wp","href":"https:\/\/api.w.org\/{rel}","templated":true}]}}