{"id":11439,"date":"2025-03-14T15:56:32","date_gmt":"2025-03-14T18:56:32","guid":{"rendered":"https:\/\/www.santaritadopassaquatro.sp.gov.br\/portal\/?p=11439"},"modified":"2025-03-14T15:56:34","modified_gmt":"2025-03-14T18:56:34","slug":"%f0%9f%8e%ad%e2%9c%a8-vem-ai-o-circuito-sesc-de-artes-em-santa-rita-do-passa-quatro-%f0%9f%8e%b6%f0%9f%8e%a8","status":"publish","type":"post","link":"https:\/\/www.santaritadopassaquatro.sp.gov.br\/portal\/%f0%9f%8e%ad%e2%9c%a8-vem-ai-o-circuito-sesc-de-artes-em-santa-rita-do-passa-quatro-%f0%9f%8e%b6%f0%9f%8e%a8\/","title":{"rendered":"\ud83c\udfad\u2728 Vem a\u00ed o CIRCUITO SESC DE ARTES em Santa Rita do Passa Quatro! \ud83c\udfb6\ud83c\udfa8"},"content":{"rendered":"\n<p>Temos uma grande novidade para os amantes da cultura! Santa Rita do Passa Quatro foi uma das cidades escolhidas para receber o Circuito Sesc de Artes 2025, um evento repleto de arte, m\u00fasica, teatro e oficinas para todas as idades! \ud83c\udf89\ud83c\udfad<br>\ud83d\udcc5 Data: 01 de junho de 2025 (domingo)<br>\ud83d\udccd Local: Em breve mais detalhes!<br>\ud83c\udf9f Evento gratuito e aberto ao p\u00fablico<br>No dia 26 de fevereiro, o Prefeito Marcelo Sim\u00e3o, o Diretor do Departamento de Turismo, Desenvolvimento Econ\u00f4mico, Cultura e Esportes Marcos \u201cMaquininha\u201d e a Gestora de Cultura Graziela Villela receberam o convite oficial para sediar o evento. O convite foi feito presencialmente pela Gerente do Sesc S\u00e3o Carlos, Vilma de Marchi, e pelo Coordenador de Programa\u00e7\u00e3o, Camilo Cazonattoque, que est\u00e3o \u00e0 frente da produ\u00e7\u00e3o deste grandioso projeto.<br>O Circuito Sesc de Artes transforma os espa\u00e7os p\u00fablicos em palcos de cultura e criatividade, promovendo espet\u00e1culos, shows, oficinas e intera\u00e7\u00f5es art\u00edsticas que incentivam o conv\u00edvio social e a troca de experi\u00eancias. Uma oportunidade imperd\u00edvel para toda a fam\u00edlia! \ud83c\udfb6\ud83c\udfa8\ud83d\udcda<br>\ud83d\udccc Marque na agenda e prepare-se para um dia incr\u00edvel! Fique ligado nas redes sociais da Prefeitura para mais informa\u00e7\u00f5es.<\/p>\n","protected":false},"excerpt":{"rendered":"<p>Temos uma grande novidade para os amantes da cultura! Santa Rita do Passa Quatro foi uma das cidades escolhidas para<\/p>\n","protected":false},"author":1,"featured_media":11440,"comment_status":"closed","ping_status":"open","sticky":false,"template":"","format":"standard","meta":{"footnotes":""},"categories":[46],"tags":[],"class_list":["post-11439","post","type-post","status-publish","format-standard","has-post-thumbnail","hentry","category-cultura"],"_links":{"self":[{"href":"https:\/\/www.santaritadopassaquatro.sp.gov.br\/portal\/wp-json\/wp\/v2\/posts\/11439","targetHints":{"allow":["GET"]}}],"collection":[{"href":"https:\/\/www.santaritadopassaquatro.sp.gov.br\/portal\/wp-json\/wp\/v2\/posts"}],"about":[{"href":"https:\/\/www.santaritadopassaquatro.sp.gov.br\/portal\/wp-json\/wp\/v2\/types\/post"}],"author":[{"embeddable":true,"href":"https:\/\/www.santaritadopassaquatro.sp.gov.br\/portal\/wp-json\/wp\/v2\/users\/1"}],"replies":[{"embeddable":true,"href":"https:\/\/www.santaritadopassaquatro.sp.gov.br\/portal\/wp-json\/wp\/v2\/comments?post=11439"}],"version-history":[{"count":1,"href":"https:\/\/www.santaritadopassaquatro.sp.gov.br\/portal\/wp-json\/wp\/v2\/posts\/11439\/revisions"}],"predecessor-version":[{"id":11441,"href":"https:\/\/www.santaritadopassaquatro.sp.gov.br\/portal\/wp-json\/wp\/v2\/posts\/11439\/revisions\/11441"}],"wp:featuredmedia":[{"embeddable":true,"href":"https:\/\/www.santaritadopassaquatro.sp.gov.br\/portal\/wp-json\/wp\/v2\/media\/11440"}],"wp:attachment":[{"href":"https:\/\/www.santaritadopassaquatro.sp.gov.br\/portal\/wp-json\/wp\/v2\/media?parent=11439"}],"wp:term":[{"taxonomy":"category","embeddable":true,"href":"https:\/\/www.santaritadopassaquatro.sp.gov.br\/portal\/wp-json\/wp\/v2\/categories?post=11439"},{"taxonomy":"post_tag","embeddable":true,"href":"https:\/\/www.santaritadopassaquatro.sp.gov.br\/portal\/wp-json\/wp\/v2\/tags?post=11439"}],"curies":[{"name":"wp","href":"https:\/\/api.w.org\/{rel}","templated":true}]}}