{"id":11442,"date":"2025-03-14T15:58:11","date_gmt":"2025-03-14T18:58:11","guid":{"rendered":"https:\/\/www.santaritadopassaquatro.sp.gov.br\/portal\/?p=11442"},"modified":"2025-03-14T15:58:13","modified_gmt":"2025-03-14T18:58:13","slug":"%f0%9f%8e%ad%e2%9c%a8-semana-artistico-cultural-salvador-pujals-sabate-um-grande-sucesso-%f0%9f%8e%a8%f0%9f%8e%b6-4","status":"publish","type":"post","link":"https:\/\/www.santaritadopassaquatro.sp.gov.br\/portal\/%f0%9f%8e%ad%e2%9c%a8-semana-artistico-cultural-salvador-pujals-sabate-um-grande-sucesso-%f0%9f%8e%a8%f0%9f%8e%b6-4\/","title":{"rendered":"\ud83c\udfad\u2728 Semana Art\u00edstico-Cultural &#8220;Salvador Pujals Sabat\u00e9&#8221; \u2013 Um Grande Sucesso! \ud83c\udfa8\ud83c\udfb6"},"content":{"rendered":"\n<p>Santa Rita do Passa Quatro viveu dias inesquec\u00edveis de arte, cultura e emo\u00e7\u00e3o! De 17 a 22 de fevereiro, a Semana Art\u00edstico-Cultural &#8220;Salvador Pujals Sabat\u00e9&#8221; trouxe exposi\u00e7\u00f5es, apresenta\u00e7\u00f5es, debates e muito mais, celebrando o talento e a diversidade cultural de nossa cidade.<br>Na sexta-feira, 21 de fevereiro, aconteceu o Cine Cultura Pontos Mis, que apresentou o &#8216;Tromba Trem &#8211; O Filme&#8217; no Sal\u00e3o do CCI no Distrito de Santa Cruz da Estrela!<br>\u27a1\ufe0f Agradecemos a todos os artistas, participantes e p\u00fablico que fizeram dessa semana um verdadeiro espet\u00e1culo! Que essa energia cultural continue viva em Santa Rita do Passa Quatro! \u2728\ud83c\udfad<\/p>\n\n\n\n<figure class=\"wp-block-image size-full\"><img decoding=\"async\" width=\"2048\" height=\"2560\" src=\"http:\/\/www.santaritadopassaquatro.sp.gov.br\/portal\/wp-content\/uploads\/2025\/03\/6d4fc297-7c98-4c6d-bdfd-f920a1391a13.jpg\" alt=\"\" class=\"wp-image-11443\"\/><\/figure>\n","protected":false},"excerpt":{"rendered":"<p>Santa Rita do Passa Quatro viveu dias inesquec\u00edveis de arte, cultura e emo\u00e7\u00e3o! De 17 a 22 de fevereiro, a<\/p>\n","protected":false},"author":1,"featured_media":11444,"comment_status":"closed","ping_status":"open","sticky":false,"template":"","format":"standard","meta":{"footnotes":""},"categories":[46],"tags":[],"class_list":["post-11442","post","type-post","status-publish","format-standard","has-post-thumbnail","hentry","category-cultura"],"_links":{"self":[{"href":"https:\/\/www.santaritadopassaquatro.sp.gov.br\/portal\/wp-json\/wp\/v2\/posts\/11442","targetHints":{"allow":["GET"]}}],"collection":[{"href":"https:\/\/www.santaritadopassaquatro.sp.gov.br\/portal\/wp-json\/wp\/v2\/posts"}],"about":[{"href":"https:\/\/www.santaritadopassaquatro.sp.gov.br\/portal\/wp-json\/wp\/v2\/types\/post"}],"author":[{"embeddable":true,"href":"https:\/\/www.santaritadopassaquatro.sp.gov.br\/portal\/wp-json\/wp\/v2\/users\/1"}],"replies":[{"embeddable":true,"href":"https:\/\/www.santaritadopassaquatro.sp.gov.br\/portal\/wp-json\/wp\/v2\/comments?post=11442"}],"version-history":[{"count":1,"href":"https:\/\/www.santaritadopassaquatro.sp.gov.br\/portal\/wp-json\/wp\/v2\/posts\/11442\/revisions"}],"predecessor-version":[{"id":11445,"href":"https:\/\/www.santaritadopassaquatro.sp.gov.br\/portal\/wp-json\/wp\/v2\/posts\/11442\/revisions\/11445"}],"wp:featuredmedia":[{"embeddable":true,"href":"https:\/\/www.santaritadopassaquatro.sp.gov.br\/portal\/wp-json\/wp\/v2\/media\/11444"}],"wp:attachment":[{"href":"https:\/\/www.santaritadopassaquatro.sp.gov.br\/portal\/wp-json\/wp\/v2\/media?parent=11442"}],"wp:term":[{"taxonomy":"category","embeddable":true,"href":"https:\/\/www.santaritadopassaquatro.sp.gov.br\/portal\/wp-json\/wp\/v2\/categories?post=11442"},{"taxonomy":"post_tag","embeddable":true,"href":"https:\/\/www.santaritadopassaquatro.sp.gov.br\/portal\/wp-json\/wp\/v2\/tags?post=11442"}],"curies":[{"name":"wp","href":"https:\/\/api.w.org\/{rel}","templated":true}]}}