{"id":11446,"date":"2025-03-14T15:59:59","date_gmt":"2025-03-14T18:59:59","guid":{"rendered":"https:\/\/www.santaritadopassaquatro.sp.gov.br\/portal\/?p=11446"},"modified":"2025-03-14T16:00:00","modified_gmt":"2025-03-14T19:00:00","slug":"%f0%9f%93%a2-reuniao-no-gabinete-alinhamento-para-o-desenvolvimento-de-santa-rita-do-passa-quatro","status":"publish","type":"post","link":"https:\/\/www.santaritadopassaquatro.sp.gov.br\/portal\/%f0%9f%93%a2-reuniao-no-gabinete-alinhamento-para-o-desenvolvimento-de-santa-rita-do-passa-quatro\/","title":{"rendered":"\ud83d\udce2 Reuni\u00e3o no Gabinete: Alinhamento para o Desenvolvimento de Santa Rita do Passa Quatro"},"content":{"rendered":"\n<p>Nesta sexta-feira (28\/02), o Prefeito Marcelo Sim\u00e3o recebeu no Gabinete, junto ao Diretor de Turismo, Desenvolvimento Econ\u00f4mico, Cultura e Esportes, Marcos Maquininha, representantes do Programa Municipal de Incentivo ao Desenvolvimento Econ\u00f4mico Sustent\u00e1vel (PROMIDES), empres\u00e1rios do Distrito Industrial Nilton Naitzel Jr. e Vereadores para um importante encontro de alinhamento.<br>\ud83d\udccc Presentes na reuni\u00e3o:<br>\u2705 Representantes do PROMIDES<br>\u2705 Empres\u00e1rios do Distrito Industrial Nilton Naitzel Jr.<br>\u2705 Vereadores:<br>\ud83d\udd39 Amadeu Louren\u00e7o<br>\ud83d\udd39 Everton da Silva<br>\ud83d\udd39 Dr. F\u00e1bio Gusman Palhares<br>\ud83d\udd39 Kleber Borotto<br>\ud83d\udd39 Renata Barioni<br>\ud83d\udd39 Vanderlei Kill<br>\ud83d\udcdc Destaques da reuni\u00e3o:<br>\ud83d\udccd Entrega ao Legislativo do Projeto de Lei para regulariza\u00e7\u00e3o de quatro im\u00f3veis no Distrito Industrial Nilton Naitzel Jr.<br>\ud83d\udccd Debates sobre iniciativas e esfor\u00e7os do poder p\u00fablico e setor empresarial para impulsionar o desenvolvimento econ\u00f4mico e o turismo no munic\u00edpio.<br>Santa Rita do Passa Quatro segue avan\u00e7ando com planejamento, di\u00e1logo e compromisso com o crescimento sustent\u00e1vel da cidade! \ud83d\udcaa\u2728<\/p>\n\n\n\n<figure class=\"wp-block-gallery has-nested-images columns-default is-cropped wp-block-gallery-1 is-layout-flex wp-block-gallery-is-layout-flex\">\n<figure class=\"wp-block-image size-large\"><img decoding=\"async\" width=\"2048\" height=\"2560\" data-id=\"11449\" src=\"https:\/\/www.santaritadopassaquatro.sp.gov.br\/portal\/wp-content\/uploads\/2025\/03\/WhatsApp-Image-2025-03-12-at-09.15.27-1.jpeg\" alt=\"\" class=\"wp-image-11449\"\/><\/figure>\n\n\n\n<figure class=\"wp-block-image size-large\"><img decoding=\"async\" width=\"2048\" height=\"2560\" data-id=\"11448\" src=\"https:\/\/www.santaritadopassaquatro.sp.gov.br\/portal\/wp-content\/uploads\/2025\/03\/WhatsApp-Image-2025-03-12-at-09.15.26.jpeg\" alt=\"\" class=\"wp-image-11448\"\/><\/figure>\n\n\n\n<figure class=\"wp-block-image size-large\"><img decoding=\"async\" width=\"2048\" height=\"2560\" data-id=\"11447\" src=\"https:\/\/www.santaritadopassaquatro.sp.gov.br\/portal\/wp-content\/uploads\/2025\/03\/WhatsApp-Image-2025-03-12-at-09.15.26-1.jpeg\" alt=\"\" class=\"wp-image-11447\"\/><\/figure>\n<\/figure>\n","protected":false},"excerpt":{"rendered":"<p>Nesta sexta-feira (28\/02), o Prefeito Marcelo Sim\u00e3o recebeu no Gabinete, junto ao Diretor de Turismo, Desenvolvimento Econ\u00f4mico, Cultura e Esportes,<\/p>\n","protected":false},"author":1,"featured_media":11450,"comment_status":"closed","ping_status":"open","sticky":false,"template":"","format":"standard","meta":{"footnotes":""},"categories":[60],"tags":[],"class_list":["post-11446","post","type-post","status-publish","format-standard","has-post-thumbnail","hentry","category-turismo"],"_links":{"self":[{"href":"https:\/\/www.santaritadopassaquatro.sp.gov.br\/portal\/wp-json\/wp\/v2\/posts\/11446","targetHints":{"allow":["GET"]}}],"collection":[{"href":"https:\/\/www.santaritadopassaquatro.sp.gov.br\/portal\/wp-json\/wp\/v2\/posts"}],"about":[{"href":"https:\/\/www.santaritadopassaquatro.sp.gov.br\/portal\/wp-json\/wp\/v2\/types\/post"}],"author":[{"embeddable":true,"href":"https:\/\/www.santaritadopassaquatro.sp.gov.br\/portal\/wp-json\/wp\/v2\/users\/1"}],"replies":[{"embeddable":true,"href":"https:\/\/www.santaritadopassaquatro.sp.gov.br\/portal\/wp-json\/wp\/v2\/comments?post=11446"}],"version-history":[{"count":1,"href":"https:\/\/www.santaritadopassaquatro.sp.gov.br\/portal\/wp-json\/wp\/v2\/posts\/11446\/revisions"}],"predecessor-version":[{"id":11451,"href":"https:\/\/www.santaritadopassaquatro.sp.gov.br\/portal\/wp-json\/wp\/v2\/posts\/11446\/revisions\/11451"}],"wp:featuredmedia":[{"embeddable":true,"href":"https:\/\/www.santaritadopassaquatro.sp.gov.br\/portal\/wp-json\/wp\/v2\/media\/11450"}],"wp:attachment":[{"href":"https:\/\/www.santaritadopassaquatro.sp.gov.br\/portal\/wp-json\/wp\/v2\/media?parent=11446"}],"wp:term":[{"taxonomy":"category","embeddable":true,"href":"https:\/\/www.santaritadopassaquatro.sp.gov.br\/portal\/wp-json\/wp\/v2\/categories?post=11446"},{"taxonomy":"post_tag","embeddable":true,"href":"https:\/\/www.santaritadopassaquatro.sp.gov.br\/portal\/wp-json\/wp\/v2\/tags?post=11446"}],"curies":[{"name":"wp","href":"https:\/\/api.w.org\/{rel}","templated":true}]}}