{"id":1145,"date":"2019-04-05T14:20:47","date_gmt":"2019-04-05T17:20:47","guid":{"rendered":"http:\/\/www.santaritadopassaquatro.sp.gov.br\/portal\/?p=1145"},"modified":"2019-04-05T14:20:47","modified_gmt":"2019-04-05T17:20:47","slug":"santa-rita-159-anos-departamento-de-cultura-define-programacao-de-aniversario-da-cidade","status":"publish","type":"post","link":"https:\/\/www.santaritadopassaquatro.sp.gov.br\/portal\/santa-rita-159-anos-departamento-de-cultura-define-programacao-de-aniversario-da-cidade\/","title":{"rendered":"SANTA RITA 159 ANOS &#8211;\u00a0Departamento de Cultura define programa\u00e7\u00e3o de anivers\u00e1rio da cidade"},"content":{"rendered":"<p><strong><em>Comemora\u00e7\u00f5es come\u00e7am no j\u00e1 dia 1\u00ba e seguem at\u00e9 31 de maio com atra\u00e7\u00f5es diversas<\/em><\/strong><\/p>\n<p><strong>\u00a0<\/strong><\/p>\n<figure id=\"attachment_1146\" aria-describedby=\"caption-attachment-1146\" style=\"width: 300px\" class=\"wp-caption alignleft\"><img decoding=\"async\" class=\"wp-image-1146 size-medium\" src=\"http:\/\/www.santaritadopassaquatro.sp.gov.br\/portal\/wp-content\/uploads\/2019\/04\/Kuba-Libre-2-300x200.jpg\" alt=\"\" width=\"300\" height=\"200\" srcset=\"https:\/\/www.santaritadopassaquatro.sp.gov.br\/portal\/wp-content\/uploads\/2019\/04\/Kuba-Libre-2-300x200.jpg 300w, https:\/\/www.santaritadopassaquatro.sp.gov.br\/portal\/wp-content\/uploads\/2019\/04\/Kuba-Libre-2-768x513.jpg 768w, https:\/\/www.santaritadopassaquatro.sp.gov.br\/portal\/wp-content\/uploads\/2019\/04\/Kuba-Libre-2-1024x684.jpg 1024w, https:\/\/www.santaritadopassaquatro.sp.gov.br\/portal\/wp-content\/uploads\/2019\/04\/Kuba-Libre-2.jpg 1224w\" sizes=\"(max-width: 300px) 100vw, 300px\" \/><figcaption id=\"caption-attachment-1146\" class=\"wp-caption-text\"><span style=\"font-size: 8pt; color: #808080;\"><em><strong>Banda Kuba Libre, o cantor Leo Moraes e a Esquadrilha da Fuma\u00e7a, algumas das atra\u00e7\u00f5es para o comemorar o anivers\u00e1rio de 159 anos de Santa Rita (Divulga\u00e7\u00e3o)<\/strong><\/em><\/span><\/figcaption><\/figure>\n<p>No pr\u00f3ximo dia 22 de maio, Santa Rita do Passa Quatro completa 159 anos de funda\u00e7\u00e3o. Para comemorar a data o Departamento Municipal de Cultura e Turismo est\u00e1 preparando uma programa\u00e7\u00e3o especial, que come\u00e7a j\u00e1 no dia 1\u00ba, s\u00e1bado, e segue o at\u00e9 dia 31 de maio, com atra\u00e7\u00f5es diversas.<\/p>\n<p>As atividades come\u00e7am no primeiro dia do m\u00eas de anivers\u00e1rio, com Torneio de Pesca no Jardim do Lago. J\u00e1 no fim de semana acontecem o 3\u00ba Encontro de Ferreomodelismo, promovido em parceria com a pela Associa\u00e7\u00e3o de Ferreomodelismo, no s\u00e1bado e domingo, e 2\u00ba Encontro de Cl\u00e1ssicos e Antigos, no domingo, ambos na pra\u00e7a Poeta M\u00e1rio Mattoso (Esta\u00e7\u00e3o).<\/p>\n<p><img decoding=\"async\" class=\"alignnone size-medium wp-image-1147 alignright\" src=\"http:\/\/www.santaritadopassaquatro.sp.gov.br\/portal\/wp-content\/uploads\/2019\/04\/L\u00e9o-Moraes-2-300x245.jpg\" alt=\"\" width=\"300\" height=\"245\" srcset=\"https:\/\/www.santaritadopassaquatro.sp.gov.br\/portal\/wp-content\/uploads\/2019\/04\/L\u00e9o-Moraes-2-300x245.jpg 300w, https:\/\/www.santaritadopassaquatro.sp.gov.br\/portal\/wp-content\/uploads\/2019\/04\/L\u00e9o-Moraes-2-768x627.jpg 768w, https:\/\/www.santaritadopassaquatro.sp.gov.br\/portal\/wp-content\/uploads\/2019\/04\/L\u00e9o-Moraes-2-1024x836.jpg 1024w, https:\/\/www.santaritadopassaquatro.sp.gov.br\/portal\/wp-content\/uploads\/2019\/04\/L\u00e9o-Moraes-2.jpg 1080w\" sizes=\"(max-width: 300px) 100vw, 300px\" \/>A programa\u00e7\u00e3o continua nos dias 11 e 12 de maio, s\u00e1bado e domingo, tamb\u00e9m na Pra\u00e7a da Esta\u00e7\u00e3o, em evento com presta\u00e7\u00e3o de servi\u00e7os, shows, brinquedos, pipoca, algod\u00e3o doce, sorvete etc. e mais um Circo na Pra\u00e7a.<\/p>\n<p>De sexta a domingo, 17 a 19 de maio, acontece a 15\u00aa Exposi\u00e7\u00e3o Nacional de Orqu\u00eddeas, na EMEF Francisco Ribeiro. Promo\u00e7\u00e3o do N\u00facleo Orquid\u00f3filo Santarritense e Uni\u00e3o Nacional dos Orquid\u00f3filos.<\/p>\n<p><img decoding=\"async\" class=\"alignnone size-medium wp-image-1148 alignleft\" src=\"http:\/\/www.santaritadopassaquatro.sp.gov.br\/portal\/wp-content\/uploads\/2019\/04\/esquadrilha-da-fucama-francisco_giglio-300x200.jpg\" alt=\"\" width=\"300\" height=\"200\" srcset=\"https:\/\/www.santaritadopassaquatro.sp.gov.br\/portal\/wp-content\/uploads\/2019\/04\/esquadrilha-da-fucama-francisco_giglio-300x200.jpg 300w, https:\/\/www.santaritadopassaquatro.sp.gov.br\/portal\/wp-content\/uploads\/2019\/04\/esquadrilha-da-fucama-francisco_giglio-768x512.jpg 768w, https:\/\/www.santaritadopassaquatro.sp.gov.br\/portal\/wp-content\/uploads\/2019\/04\/esquadrilha-da-fucama-francisco_giglio.jpg 1024w\" sizes=\"(max-width: 300px) 100vw, 300px\" \/>A m\u00fasica ir\u00e1 tomar conta da Pra\u00e7a Zequinha de Abreu (Matriz) durante o mesmo fim de semana, com apresenta\u00e7\u00f5es da banda Kuba Libre e o cantor L\u00e9o Moraes, com o show Som de Praia.<\/p>\n<p>No domingo, 19 de maio, acontece o tradicional desfile c\u00edvico pela Avenida Severino Meirelles, com diversas institui\u00e7\u00f5es da cidade e regi\u00e3o.<\/p>\n<p>No dia do anivers\u00e1rio da cidade, 22 de maio, uma tra\u00e7\u00e3o mais do que especial, com exibi\u00e7\u00e3o da Esquadrilha da Fuma\u00e7a, em hor\u00e1rio e local a ser definido.<\/p>\n<p>A programa\u00e7\u00e3o do m\u00eas encerra no dia 31 de maio, sexta-feira, na Esta\u00e7\u00e3o SESI de Cultura, com o espet\u00e1culo teatral Colhendo Mem\u00f3rias.<\/p>\n<p>&nbsp;<\/p>\n<p><strong>CONFIRA PROGRAMA\u00c7\u00c3O COMPLETA DAS ATRA\u00c7\u00d5ES EM COMEMORA\u00c7\u00c3O AOS 159 ANOS DE SANTA RITA DO PASSA QUATRO<\/strong><\/p>\n<p><strong>DIA 1\u00ba de maio (quarta-feira) \u2013 Jardim do Lago.<br \/>\n<\/strong>Torneio de Pesca &#8211; das 6h \u00a0\u00e0s 11h30.<\/p>\n<p><strong>DIA 4 de maio (s\u00e1bado) &#8211;<\/strong> <strong>Pra\u00e7a Poeta M\u00e1rio Mattoso (Esta\u00e7\u00e3o)<br \/>\n<\/strong>3\u00ba Encontro de Ferreomodelismo \u2013 10h \u00e0s 17 horas.<\/p>\n<p><strong>DIA 5 de maio (domingo) &#8211;<\/strong> <strong>Pra\u00e7a Poeta M\u00e1rio Mattoso (Esta\u00e7\u00e3o)<br \/>\n<\/strong>3\u00ba Encontro de Ferreomodelismo e 2\u00ba Encontro de Cl\u00e1ssicos Antigos &#8211;\u00a0 9h \u00e0s 16 horas.<\/p>\n<p><strong>DIA 11 de maio (s\u00e1bado)<\/strong> <strong>&#8211;<\/strong> <strong>Pra\u00e7a Poeta M\u00e1rio Mattoso (Esta\u00e7\u00e3o)<\/strong><br \/>\nEvento como presta\u00e7\u00e3o de servi\u00e7os, shows, brinquedos, pipoca, algod\u00e3o doce, sorvete etc &#8211; das 14h \u00e0s 19 horas.<\/p>\n<p><strong>DIA 12 de maio (domingo) &#8211; Pra\u00e7a Poeta M\u00e1rio Mattoso (Esta\u00e7\u00e3o)<br \/>\n<\/strong>Circo na Pra\u00e7a &#8211; Container Circus &#8211; \u00e0s 20 horas.<\/p>\n<p><strong>DIAS 17, 18 e 19 de maio (sexta-feira a domingo) EMEF Francisco Ribeiro<br \/>\n<\/strong>15\u00aa Exposi\u00e7\u00e3o Nacional de Orqu\u00eddeas. Abertura na sexta-feira, \u00e0s 19 horas. Visita\u00e7\u00e3o p\u00fablica, s\u00e1bado, das 9h \u00e0s 22 horas, e domingo, das 8h \u00e0s 17horas.<\/p>\n<p><strong>DIA 17 de maio (sexta-feira) &#8211; Av. Severino Meirelles<\/strong> <strong>(Matriz)<br \/>\n<\/strong>Show com a Banda Kuba Libre &#8211; \u00e0s 20 horas.<\/p>\n<p><strong>DIA 18 de maio (s\u00e1bado) &#8211; Av. Severino Meirelles<\/strong> <strong>(Matriz)<br \/>\n<\/strong>Show com L\u00e9o Moraes &#8211; Som de Praia &#8211; \u00e0s 20 horas.<\/p>\n<p><strong>Dia 19 de maio (domingo)<\/strong> <strong>&#8211; Av. Severino Meirelles.<br \/>\n<\/strong>Desfile C\u00edvico Militar &#8211; \u00e0 partir das 9 horas.<\/p>\n<p><strong>DIA 22 de maio &#8211; (local e hor\u00e1rio a definir)<br \/>\n<\/strong>Exibi\u00e7\u00e3o da Esquadrilha da Fuma\u00e7a.<\/p>\n<p><strong>DIA 31 de maio (sexta-feira) &#8211; Esta\u00e7\u00e3o SESI de Cultura<br \/>\n<\/strong>Teatro Colhendo Mem\u00f3rias &#8211; \u00e0s 19h30<\/p>\n<p>&nbsp;<\/p>\n<p>&nbsp;<\/p>\n<p>&nbsp;<\/p>\n<p>&nbsp;<\/p>\n","protected":false},"excerpt":{"rendered":"<p>Comemora\u00e7\u00f5es come\u00e7am no j\u00e1 dia 1\u00ba e seguem at\u00e9 31 de maio com atra\u00e7\u00f5es diversas \u00a0 No pr\u00f3ximo dia 22<\/p>\n","protected":false},"author":1,"featured_media":1148,"comment_status":"closed","ping_status":"open","sticky":false,"template":"","format":"standard","meta":{"footnotes":""},"categories":[46,52,60],"tags":[],"class_list":["post-1145","post","type-post","status-publish","format-standard","has-post-thumbnail","hentry","category-cultura","category-latest","category-turismo"],"_links":{"self":[{"href":"https:\/\/www.santaritadopassaquatro.sp.gov.br\/portal\/wp-json\/wp\/v2\/posts\/1145","targetHints":{"allow":["GET"]}}],"collection":[{"href":"https:\/\/www.santaritadopassaquatro.sp.gov.br\/portal\/wp-json\/wp\/v2\/posts"}],"about":[{"href":"https:\/\/www.santaritadopassaquatro.sp.gov.br\/portal\/wp-json\/wp\/v2\/types\/post"}],"author":[{"embeddable":true,"href":"https:\/\/www.santaritadopassaquatro.sp.gov.br\/portal\/wp-json\/wp\/v2\/users\/1"}],"replies":[{"embeddable":true,"href":"https:\/\/www.santaritadopassaquatro.sp.gov.br\/portal\/wp-json\/wp\/v2\/comments?post=1145"}],"version-history":[{"count":0,"href":"https:\/\/www.santaritadopassaquatro.sp.gov.br\/portal\/wp-json\/wp\/v2\/posts\/1145\/revisions"}],"wp:featuredmedia":[{"embeddable":true,"href":"https:\/\/www.santaritadopassaquatro.sp.gov.br\/portal\/wp-json\/wp\/v2\/media\/1148"}],"wp:attachment":[{"href":"https:\/\/www.santaritadopassaquatro.sp.gov.br\/portal\/wp-json\/wp\/v2\/media?parent=1145"}],"wp:term":[{"taxonomy":"category","embeddable":true,"href":"https:\/\/www.santaritadopassaquatro.sp.gov.br\/portal\/wp-json\/wp\/v2\/categories?post=1145"},{"taxonomy":"post_tag","embeddable":true,"href":"https:\/\/www.santaritadopassaquatro.sp.gov.br\/portal\/wp-json\/wp\/v2\/tags?post=1145"}],"curies":[{"name":"wp","href":"https:\/\/api.w.org\/{rel}","templated":true}]}}