{"id":11458,"date":"2025-03-14T16:03:02","date_gmt":"2025-03-14T19:03:02","guid":{"rendered":"https:\/\/www.santaritadopassaquatro.sp.gov.br\/portal\/?p=11458"},"modified":"2025-03-14T16:03:03","modified_gmt":"2025-03-14T19:03:03","slug":"%f0%9f%9a%92%f0%9f%94%a5-cabo-correa-ministra-palestra-sobre-queimada-urbana-nas-escolas-municipais","status":"publish","type":"post","link":"https:\/\/www.santaritadopassaquatro.sp.gov.br\/portal\/%f0%9f%9a%92%f0%9f%94%a5-cabo-correa-ministra-palestra-sobre-queimada-urbana-nas-escolas-municipais\/","title":{"rendered":"\ud83d\ude92\ud83d\udd25 Cabo Correa ministra palestra sobre queimada urbana nas escolas municipais"},"content":{"rendered":"\n<p>Na \u00faltima semana, o Cabo Daniel Correa do 2\u00b0 Pelot\u00e3o de Bombeiros de Porto Ferreira &#8211; 4\u00b0 SGB\/9\u00b0 GB em parceria com o Departamento de Agricultura e Meio Ambiente (DAMA), realizou uma palestra nas Escolas Municipais &#8220;Francisco Ribeiro&#8221;, &#8220;Madre Carmelita&#8221; e &#8220;Laura Suriani Barbuio&#8221;, alertando alunos sobre os riscos das queimadas urbanas. O evento destacou os impactos ambientais e \u00e0 sa\u00fade, al\u00e9m de ensinar como prevenir inc\u00eandios nas \u00e1reas urbanas. Durante a a\u00e7\u00e3o, os estudantes tamb\u00e9m aprenderam a import\u00e2ncia de manter os terrenos limpos e denunciar queimadas ilegais. A iniciativa visa conscientizar as futuras gera\u00e7\u00f5es e criar uma comunidade mais segura e respons\u00e1vel.<br>Esse tipo de evento faz parte de um esfor\u00e7o cont\u00ednuo da corpora\u00e7\u00e3o dos bombeiros e do DAMA em promover a educa\u00e7\u00e3o preventiva e a preserva\u00e7\u00e3o do meio ambiente, especialmente nas \u00e1reas urbanas, onde o risco de inc\u00eandios e queimadas \u00e9 constante durante as \u00e9pocas mais secas do ano. A\u00e7\u00f5es como essa ajudam a construir uma comunidade mais consciente e segura. \ud83c\udf31\ud83c\udf0d<\/p>\n\n\n\n<figure class=\"wp-block-gallery has-nested-images columns-default is-cropped wp-block-gallery-1 is-layout-flex wp-block-gallery-is-layout-flex\">\n<figure class=\"wp-block-image size-large\"><img decoding=\"async\" width=\"1279\" height=\"1600\" data-id=\"11466\" src=\"https:\/\/www.santaritadopassaquatro.sp.gov.br\/portal\/wp-content\/uploads\/2025\/03\/WhatsApp-Image-2025-03-12-at-09.20.52.jpeg\" alt=\"\" class=\"wp-image-11466\"\/><\/figure>\n\n\n\n<figure class=\"wp-block-image size-large\"><img decoding=\"async\" width=\"1279\" height=\"1600\" data-id=\"11465\" src=\"https:\/\/www.santaritadopassaquatro.sp.gov.br\/portal\/wp-content\/uploads\/2025\/03\/WhatsApp-Image-2025-03-12-at-09.20.44.jpeg\" alt=\"\" class=\"wp-image-11465\"\/><\/figure>\n\n\n\n<figure class=\"wp-block-image size-large\"><img decoding=\"async\" width=\"1279\" height=\"1600\" data-id=\"11464\" src=\"https:\/\/www.santaritadopassaquatro.sp.gov.br\/portal\/wp-content\/uploads\/2025\/03\/WhatsApp-Image-2025-03-12-at-09.20.35.jpeg\" alt=\"\" class=\"wp-image-11464\"\/><\/figure>\n\n\n\n<figure class=\"wp-block-image size-large\"><img decoding=\"async\" width=\"1279\" height=\"1600\" data-id=\"11463\" src=\"https:\/\/www.santaritadopassaquatro.sp.gov.br\/portal\/wp-content\/uploads\/2025\/03\/WhatsApp-Image-2025-03-12-at-09.20.24.jpeg\" alt=\"\" class=\"wp-image-11463\"\/><\/figure>\n\n\n\n<figure class=\"wp-block-image size-large\"><img decoding=\"async\" width=\"1279\" height=\"1600\" data-id=\"11462\" src=\"https:\/\/www.santaritadopassaquatro.sp.gov.br\/portal\/wp-content\/uploads\/2025\/03\/WhatsApp-Image-2025-03-12-at-09.20.16.jpeg\" alt=\"\" class=\"wp-image-11462\"\/><\/figure>\n\n\n\n<figure class=\"wp-block-image size-large\"><img decoding=\"async\" width=\"1279\" height=\"1600\" data-id=\"11461\" src=\"https:\/\/www.santaritadopassaquatro.sp.gov.br\/portal\/wp-content\/uploads\/2025\/03\/WhatsApp-Image-2025-03-12-at-09.20.09.jpeg\" alt=\"\" class=\"wp-image-11461\"\/><\/figure>\n\n\n\n<figure class=\"wp-block-image size-large\"><img decoding=\"async\" width=\"1279\" height=\"1600\" data-id=\"11460\" src=\"https:\/\/www.santaritadopassaquatro.sp.gov.br\/portal\/wp-content\/uploads\/2025\/03\/WhatsApp-Image-2025-03-12-at-09.20.00.jpeg\" alt=\"\" class=\"wp-image-11460\"\/><\/figure>\n\n\n\n<figure class=\"wp-block-image size-large\"><img decoding=\"async\" width=\"1279\" height=\"1600\" data-id=\"11459\" src=\"https:\/\/www.santaritadopassaquatro.sp.gov.br\/portal\/wp-content\/uploads\/2025\/03\/WhatsApp-Image-2025-03-12-at-09.19.52.jpeg\" alt=\"\" class=\"wp-image-11459\"\/><\/figure>\n<\/figure>\n","protected":false},"excerpt":{"rendered":"<p>Na \u00faltima semana, o Cabo Daniel Correa do 2\u00b0 Pelot\u00e3o de Bombeiros de Porto Ferreira &#8211; 4\u00b0 SGB\/9\u00b0 GB em<\/p>\n","protected":false},"author":1,"featured_media":11467,"comment_status":"closed","ping_status":"open","sticky":false,"template":"","format":"standard","meta":{"footnotes":""},"categories":[53],"tags":[],"class_list":["post-11458","post","type-post","status-publish","format-standard","has-post-thumbnail","hentry","category-meio-ambiente"],"_links":{"self":[{"href":"https:\/\/www.santaritadopassaquatro.sp.gov.br\/portal\/wp-json\/wp\/v2\/posts\/11458","targetHints":{"allow":["GET"]}}],"collection":[{"href":"https:\/\/www.santaritadopassaquatro.sp.gov.br\/portal\/wp-json\/wp\/v2\/posts"}],"about":[{"href":"https:\/\/www.santaritadopassaquatro.sp.gov.br\/portal\/wp-json\/wp\/v2\/types\/post"}],"author":[{"embeddable":true,"href":"https:\/\/www.santaritadopassaquatro.sp.gov.br\/portal\/wp-json\/wp\/v2\/users\/1"}],"replies":[{"embeddable":true,"href":"https:\/\/www.santaritadopassaquatro.sp.gov.br\/portal\/wp-json\/wp\/v2\/comments?post=11458"}],"version-history":[{"count":1,"href":"https:\/\/www.santaritadopassaquatro.sp.gov.br\/portal\/wp-json\/wp\/v2\/posts\/11458\/revisions"}],"predecessor-version":[{"id":11468,"href":"https:\/\/www.santaritadopassaquatro.sp.gov.br\/portal\/wp-json\/wp\/v2\/posts\/11458\/revisions\/11468"}],"wp:featuredmedia":[{"embeddable":true,"href":"https:\/\/www.santaritadopassaquatro.sp.gov.br\/portal\/wp-json\/wp\/v2\/media\/11467"}],"wp:attachment":[{"href":"https:\/\/www.santaritadopassaquatro.sp.gov.br\/portal\/wp-json\/wp\/v2\/media?parent=11458"}],"wp:term":[{"taxonomy":"category","embeddable":true,"href":"https:\/\/www.santaritadopassaquatro.sp.gov.br\/portal\/wp-json\/wp\/v2\/categories?post=11458"},{"taxonomy":"post_tag","embeddable":true,"href":"https:\/\/www.santaritadopassaquatro.sp.gov.br\/portal\/wp-json\/wp\/v2\/tags?post=11458"}],"curies":[{"name":"wp","href":"https:\/\/api.w.org\/{rel}","templated":true}]}}