{"id":11469,"date":"2025-03-14T16:04:21","date_gmt":"2025-03-14T19:04:21","guid":{"rendered":"https:\/\/www.santaritadopassaquatro.sp.gov.br\/portal\/?p=11469"},"modified":"2025-03-14T16:04:23","modified_gmt":"2025-03-14T19:04:23","slug":"%f0%9f%8f%a0%f0%9f%9a%ae-mutirao-contra-a-dengue-missao-dada-e-missao-cumprida-%f0%9f%a6%9f%e2%9d%8c","status":"publish","type":"post","link":"https:\/\/www.santaritadopassaquatro.sp.gov.br\/portal\/%f0%9f%8f%a0%f0%9f%9a%ae-mutirao-contra-a-dengue-missao-dada-e-missao-cumprida-%f0%9f%a6%9f%e2%9d%8c\/","title":{"rendered":"\ud83c\udfe0\ud83d\udeae Mutir\u00e3o Contra a Dengue: Miss\u00e3o Dada \u00e9 Miss\u00e3o Cumprida! \ud83e\udd9f\u274c"},"content":{"rendered":"\n<p>No \u00faltimo s\u00e1bado (01\/03), o Mutir\u00e3o de Combate \u00e0 Dengue aconteceu nos bairros Primavera, Nova Primavera e Jardim Nova Santa Rita! \ud83d\ude80 Nossa galera mandou ver e tirou um monte de materiais das casas, deixando tudo mais limpo e mais seguro! \ud83d\udcaa\u2728<br>\ud83d\udd25 Um salve pra todos que fizeram esse mutir\u00e3o acontecer: Agentes de Controle de Vetores, Equipe do DSM, Agentes da Sa\u00fade e os volunt\u00e1rios que colaboraram com essa for\u00e7a tarefa! Voc\u00eas s\u00e3o demais! \ud83d\udc4f\ud83d\udc4f<br>\ud83d\uded1 Mas \u00f3, a luta contra a dengue \u00e9 todo dia! Ent\u00e3o, bora nessa? Se liga nas dicas:<br>\u2705 Tampa na caixa d\u2019\u00e1gua! Sem brecha pro mosquito.<br>\u2705 \u00c1gua parada? Esquece! Pneus, garrafas e potes no lixo.<br>\u2705 Ralos e calhas limpos! O mosquito adora esses cantinhos.<br>\u2705 Tem plantinha? Troca a \u00e1gua dos pratinhos por areia! \ud83c\udf3f<br>\u2705 Confere seu quintal! O foco pode estar onde voc\u00ea menos espera.<br>\u2705 Repelente sempre! Prote\u00e7\u00e3o nunca \u00e9 demais.<br>\ud83d\udca1 Cada um fazendo sua parte, a cidade fica protegida! Bora nessa juntos? \ud83d\udeab\ud83e\udd9f\ud83d\udc99<\/p>\n\n\n\n<p><\/p>\n\n\n\n<figure class=\"wp-block-gallery has-nested-images columns-default is-cropped wp-block-gallery-1 is-layout-flex wp-block-gallery-is-layout-flex\">\n<figure class=\"wp-block-image size-large\"><img decoding=\"async\" width=\"1080\" height=\"1350\" data-id=\"11472\" src=\"https:\/\/www.santaritadopassaquatro.sp.gov.br\/portal\/wp-content\/uploads\/2025\/03\/WhatsApp-Image-2025-03-12-at-09.21.57-2.jpeg\" alt=\"\" class=\"wp-image-11472\"\/><\/figure>\n\n\n\n<figure class=\"wp-block-image size-large\"><img decoding=\"async\" width=\"1080\" height=\"1350\" data-id=\"11471\" src=\"https:\/\/www.santaritadopassaquatro.sp.gov.br\/portal\/wp-content\/uploads\/2025\/03\/WhatsApp-Image-2025-03-12-at-09.21.57-1.jpeg\" alt=\"\" class=\"wp-image-11471\"\/><\/figure>\n\n\n\n<figure class=\"wp-block-image size-large\"><img decoding=\"async\" width=\"1080\" height=\"1350\" data-id=\"11470\" src=\"https:\/\/www.santaritadopassaquatro.sp.gov.br\/portal\/wp-content\/uploads\/2025\/03\/WhatsApp-Image-2025-03-12-at-09.21.56.jpeg\" alt=\"\" class=\"wp-image-11470\"\/><\/figure>\n<\/figure>\n","protected":false},"excerpt":{"rendered":"<p>No \u00faltimo s\u00e1bado (01\/03), o Mutir\u00e3o de Combate \u00e0 Dengue aconteceu nos bairros Primavera, Nova Primavera e Jardim Nova Santa<\/p>\n","protected":false},"author":1,"featured_media":11473,"comment_status":"closed","ping_status":"open","sticky":false,"template":"","format":"standard","meta":{"footnotes":""},"categories":[58],"tags":[],"class_list":["post-11469","post","type-post","status-publish","format-standard","has-post-thumbnail","hentry","category-health"],"_links":{"self":[{"href":"https:\/\/www.santaritadopassaquatro.sp.gov.br\/portal\/wp-json\/wp\/v2\/posts\/11469","targetHints":{"allow":["GET"]}}],"collection":[{"href":"https:\/\/www.santaritadopassaquatro.sp.gov.br\/portal\/wp-json\/wp\/v2\/posts"}],"about":[{"href":"https:\/\/www.santaritadopassaquatro.sp.gov.br\/portal\/wp-json\/wp\/v2\/types\/post"}],"author":[{"embeddable":true,"href":"https:\/\/www.santaritadopassaquatro.sp.gov.br\/portal\/wp-json\/wp\/v2\/users\/1"}],"replies":[{"embeddable":true,"href":"https:\/\/www.santaritadopassaquatro.sp.gov.br\/portal\/wp-json\/wp\/v2\/comments?post=11469"}],"version-history":[{"count":1,"href":"https:\/\/www.santaritadopassaquatro.sp.gov.br\/portal\/wp-json\/wp\/v2\/posts\/11469\/revisions"}],"predecessor-version":[{"id":11474,"href":"https:\/\/www.santaritadopassaquatro.sp.gov.br\/portal\/wp-json\/wp\/v2\/posts\/11469\/revisions\/11474"}],"wp:featuredmedia":[{"embeddable":true,"href":"https:\/\/www.santaritadopassaquatro.sp.gov.br\/portal\/wp-json\/wp\/v2\/media\/11473"}],"wp:attachment":[{"href":"https:\/\/www.santaritadopassaquatro.sp.gov.br\/portal\/wp-json\/wp\/v2\/media?parent=11469"}],"wp:term":[{"taxonomy":"category","embeddable":true,"href":"https:\/\/www.santaritadopassaquatro.sp.gov.br\/portal\/wp-json\/wp\/v2\/categories?post=11469"},{"taxonomy":"post_tag","embeddable":true,"href":"https:\/\/www.santaritadopassaquatro.sp.gov.br\/portal\/wp-json\/wp\/v2\/tags?post=11469"}],"curies":[{"name":"wp","href":"https:\/\/api.w.org\/{rel}","templated":true}]}}