{"id":11475,"date":"2025-03-14T16:06:34","date_gmt":"2025-03-14T19:06:34","guid":{"rendered":"https:\/\/www.santaritadopassaquatro.sp.gov.br\/portal\/?p=11475"},"modified":"2025-03-14T16:06:35","modified_gmt":"2025-03-14T19:06:35","slug":"%f0%9f%94%b9-atencao-o-cadunico-esta-mudando-%f0%9f%86%95%f0%9f%93%b2","status":"publish","type":"post","link":"https:\/\/www.santaritadopassaquatro.sp.gov.br\/portal\/%f0%9f%94%b9-atencao-o-cadunico-esta-mudando-%f0%9f%86%95%f0%9f%93%b2\/","title":{"rendered":"\ud83d\udd39 ATEN\u00c7\u00c3O! O Cad\u00danico est\u00e1 mudando! \ud83c\udd95\ud83d\udcf2"},"content":{"rendered":"\n<p>A partir de mar\u00e7o de 2025, o Cadastro \u00danico passar\u00e1 por uma grande reformula\u00e7\u00e3o e se tornar\u00e1 uma plataforma online e integrada a diferentes bases de dados do Governo Federal. \ud83d\ude80<br>\ud83d\udca1 O que muda?<br>\u2705 Mais seguran\u00e7a: o Cad\u00danico agora ser\u00e1 vinculado ao CPF e \u00e0 Carteira de Identidade Nacional, reduzindo riscos de fraudes.<br>\u2705 Processos mais \u00e1geis: com a nova integra\u00e7\u00e3o, o acesso e a atualiza\u00e7\u00e3o dos dados ser\u00e3o mais r\u00e1pidos e eficientes.<br>\u26a0\ufe0f IMPORTANTE! \u26a0\ufe0f<br>\ud83d\udcc5 Entre 28\/02 e 17\/03, o sistema do Cadastro \u00danico ficar\u00e1 indispon\u00edvel para atualiza\u00e7\u00f5es e novos cadastros.<br>Fique ligado e acompanhe os canais oficiais da Prefeitura Municipal de Santa Rita do Passa Quatro para mais informa\u00e7\u00f5es! \ud83d\udce2\ud83d\udc99<\/p>\n","protected":false},"excerpt":{"rendered":"<p>A partir de mar\u00e7o de 2025, o Cadastro \u00danico passar\u00e1 por uma grande reformula\u00e7\u00e3o e se tornar\u00e1 uma plataforma online<\/p>\n","protected":false},"author":1,"featured_media":11476,"comment_status":"closed","ping_status":"open","sticky":false,"template":"","format":"standard","meta":{"footnotes":""},"categories":[45,47],"tags":[],"class_list":["post-11475","post","type-post","status-publish","format-standard","has-post-thumbnail","hentry","category-comunicado","category-desenvovimento"],"_links":{"self":[{"href":"https:\/\/www.santaritadopassaquatro.sp.gov.br\/portal\/wp-json\/wp\/v2\/posts\/11475","targetHints":{"allow":["GET"]}}],"collection":[{"href":"https:\/\/www.santaritadopassaquatro.sp.gov.br\/portal\/wp-json\/wp\/v2\/posts"}],"about":[{"href":"https:\/\/www.santaritadopassaquatro.sp.gov.br\/portal\/wp-json\/wp\/v2\/types\/post"}],"author":[{"embeddable":true,"href":"https:\/\/www.santaritadopassaquatro.sp.gov.br\/portal\/wp-json\/wp\/v2\/users\/1"}],"replies":[{"embeddable":true,"href":"https:\/\/www.santaritadopassaquatro.sp.gov.br\/portal\/wp-json\/wp\/v2\/comments?post=11475"}],"version-history":[{"count":1,"href":"https:\/\/www.santaritadopassaquatro.sp.gov.br\/portal\/wp-json\/wp\/v2\/posts\/11475\/revisions"}],"predecessor-version":[{"id":11477,"href":"https:\/\/www.santaritadopassaquatro.sp.gov.br\/portal\/wp-json\/wp\/v2\/posts\/11475\/revisions\/11477"}],"wp:featuredmedia":[{"embeddable":true,"href":"https:\/\/www.santaritadopassaquatro.sp.gov.br\/portal\/wp-json\/wp\/v2\/media\/11476"}],"wp:attachment":[{"href":"https:\/\/www.santaritadopassaquatro.sp.gov.br\/portal\/wp-json\/wp\/v2\/media?parent=11475"}],"wp:term":[{"taxonomy":"category","embeddable":true,"href":"https:\/\/www.santaritadopassaquatro.sp.gov.br\/portal\/wp-json\/wp\/v2\/categories?post=11475"},{"taxonomy":"post_tag","embeddable":true,"href":"https:\/\/www.santaritadopassaquatro.sp.gov.br\/portal\/wp-json\/wp\/v2\/tags?post=11475"}],"curies":[{"name":"wp","href":"https:\/\/api.w.org\/{rel}","templated":true}]}}