{"id":11478,"date":"2025-03-14T16:08:14","date_gmt":"2025-03-14T19:08:14","guid":{"rendered":"https:\/\/www.santaritadopassaquatro.sp.gov.br\/portal\/?p=11478"},"modified":"2025-03-14T16:08:16","modified_gmt":"2025-03-14T19:08:16","slug":"%f0%9f%94%b9-prevencao-da-gravidez-na-adolescencia-informacao-e-protecao-%f0%9f%92%99%f0%9f%93%a2","status":"publish","type":"post","link":"https:\/\/www.santaritadopassaquatro.sp.gov.br\/portal\/%f0%9f%94%b9-prevencao-da-gravidez-na-adolescencia-informacao-e-protecao-%f0%9f%92%99%f0%9f%93%a2\/","title":{"rendered":"\ud83d\udd39 Preven\u00e7\u00e3o da Gravidez na Adolesc\u00eancia: Informa\u00e7\u00e3o \u00e9 Prote\u00e7\u00e3o! \ud83d\udc99\ud83d\udce2"},"content":{"rendered":"\n<p>Fevereiro \u00e9 o m\u00eas da Campanha Nacional de Preven\u00e7\u00e3o da Gravidez na Adolesc\u00eancia, um momento de conscientiza\u00e7\u00e3o e reflex\u00e3o sobre a import\u00e2ncia do di\u00e1logo e da informa\u00e7\u00e3o para os jovens. Pensando nisso, o Departamento de Assist\u00eancia Social, por meio do CRAS (Centro de Refer\u00eancia da Assist\u00eancia Social), promoveu duas oficinas especiais nas escolas CAIC e Nelson Fernandes, voltadas para estudantes de 12 e 13 anos. \ud83c\udfeb\ud83d\udc69\u200d\ud83c\udf93\ud83d\udc68\u200d\ud83c\udf93<br>\ud83d\udcca O impacto do tema na sociedade<br>Segundo dados do Sistema de Informa\u00e7\u00f5es sobre Nascidos Vivos (SINASC\/SUS), a cada hora, 44 beb\u00eas nascem de m\u00e3es adolescentes no Brasil. Essa realidade refor\u00e7a a necessidade de ampliar o acesso \u00e0 informa\u00e7\u00e3o sobre preven\u00e7\u00e3o da gravidez precoce e tamb\u00e9m sobre doen\u00e7as sexualmente transmiss\u00edveis (DSTs).<br>\ud83d\udca1 Nosso time nessa miss\u00e3o:<br>\ud83d\udc4f Rafael Gon\u00e7alves dos Santos, Jaqueline Cristina Correa Camilo, Jhennifer Vassi e Nayane Milhoci de Almeida, L\u00eddia Manuela Marques e Natasha Curvelo (Equipe do CRAS)<br>\ud83d\udc4f Carla (Coordenadora do PSF da Estrela)<br>\ud83d\udc4f Andreia (T\u00e9cnica de Enfermagem)<br>A preven\u00e7\u00e3o come\u00e7a com o conhecimento! Seguimos juntos levando informa\u00e7\u00e3o e promovendo o bem-estar dos nossos jovens! \ud83d\udc9a\u2728<\/p>\n\n\n\n<figure class=\"wp-block-gallery has-nested-images columns-default is-cropped wp-block-gallery-1 is-layout-flex wp-block-gallery-is-layout-flex\">\n<figure class=\"wp-block-image size-large\"><img decoding=\"async\" width=\"2048\" height=\"2560\" data-id=\"11480\" src=\"https:\/\/www.santaritadopassaquatro.sp.gov.br\/portal\/wp-content\/uploads\/2025\/03\/WhatsApp-Image-2025-03-12-at-09.25.54-1.jpeg\" alt=\"\" class=\"wp-image-11480\"\/><\/figure>\n\n\n\n<figure class=\"wp-block-image size-large\"><img decoding=\"async\" width=\"2048\" height=\"2560\" data-id=\"11481\" src=\"https:\/\/www.santaritadopassaquatro.sp.gov.br\/portal\/wp-content\/uploads\/2025\/03\/WhatsApp-Image-2025-03-12-at-09.25.54-2.jpeg\" alt=\"\" class=\"wp-image-11481\"\/><\/figure>\n\n\n\n<figure class=\"wp-block-image size-large\"><img decoding=\"async\" width=\"2048\" height=\"2560\" data-id=\"11482\" src=\"https:\/\/www.santaritadopassaquatro.sp.gov.br\/portal\/wp-content\/uploads\/2025\/03\/WhatsApp-Image-2025-03-12-at-09.25.54.jpeg\" alt=\"\" class=\"wp-image-11482\"\/><\/figure>\n\n\n\n<figure class=\"wp-block-image size-large\"><img decoding=\"async\" width=\"2048\" height=\"2560\" data-id=\"11483\" src=\"https:\/\/www.santaritadopassaquatro.sp.gov.br\/portal\/wp-content\/uploads\/2025\/03\/WhatsApp-Image-2025-03-12-at-09.25.55-1.jpeg\" alt=\"\" class=\"wp-image-11483\"\/><\/figure>\n\n\n\n<figure class=\"wp-block-image size-large\"><img decoding=\"async\" width=\"2048\" height=\"2560\" data-id=\"11484\" src=\"https:\/\/www.santaritadopassaquatro.sp.gov.br\/portal\/wp-content\/uploads\/2025\/03\/WhatsApp-Image-2025-03-12-at-09.25.55-2.jpeg\" alt=\"\" class=\"wp-image-11484\"\/><\/figure>\n\n\n\n<figure class=\"wp-block-image size-large\"><img decoding=\"async\" width=\"2048\" height=\"2560\" data-id=\"11485\" src=\"https:\/\/www.santaritadopassaquatro.sp.gov.br\/portal\/wp-content\/uploads\/2025\/03\/WhatsApp-Image-2025-03-12-at-09.25.55-3.jpeg\" alt=\"\" class=\"wp-image-11485\"\/><\/figure>\n\n\n\n<figure class=\"wp-block-image size-large\"><img decoding=\"async\" width=\"2048\" height=\"2560\" data-id=\"11486\" src=\"https:\/\/www.santaritadopassaquatro.sp.gov.br\/portal\/wp-content\/uploads\/2025\/03\/WhatsApp-Image-2025-03-12-at-09.25.55.jpeg\" alt=\"\" class=\"wp-image-11486\"\/><\/figure>\n<\/figure>\n","protected":false},"excerpt":{"rendered":"<p>Fevereiro \u00e9 o m\u00eas da Campanha Nacional de Preven\u00e7\u00e3o da Gravidez na Adolesc\u00eancia, um momento de conscientiza\u00e7\u00e3o e reflex\u00e3o sobre<\/p>\n","protected":false},"author":1,"featured_media":11479,"comment_status":"closed","ping_status":"open","sticky":false,"template":"","format":"standard","meta":{"footnotes":""},"categories":[58],"tags":[],"class_list":["post-11478","post","type-post","status-publish","format-standard","has-post-thumbnail","hentry","category-health"],"_links":{"self":[{"href":"https:\/\/www.santaritadopassaquatro.sp.gov.br\/portal\/wp-json\/wp\/v2\/posts\/11478","targetHints":{"allow":["GET"]}}],"collection":[{"href":"https:\/\/www.santaritadopassaquatro.sp.gov.br\/portal\/wp-json\/wp\/v2\/posts"}],"about":[{"href":"https:\/\/www.santaritadopassaquatro.sp.gov.br\/portal\/wp-json\/wp\/v2\/types\/post"}],"author":[{"embeddable":true,"href":"https:\/\/www.santaritadopassaquatro.sp.gov.br\/portal\/wp-json\/wp\/v2\/users\/1"}],"replies":[{"embeddable":true,"href":"https:\/\/www.santaritadopassaquatro.sp.gov.br\/portal\/wp-json\/wp\/v2\/comments?post=11478"}],"version-history":[{"count":1,"href":"https:\/\/www.santaritadopassaquatro.sp.gov.br\/portal\/wp-json\/wp\/v2\/posts\/11478\/revisions"}],"predecessor-version":[{"id":11487,"href":"https:\/\/www.santaritadopassaquatro.sp.gov.br\/portal\/wp-json\/wp\/v2\/posts\/11478\/revisions\/11487"}],"wp:featuredmedia":[{"embeddable":true,"href":"https:\/\/www.santaritadopassaquatro.sp.gov.br\/portal\/wp-json\/wp\/v2\/media\/11479"}],"wp:attachment":[{"href":"https:\/\/www.santaritadopassaquatro.sp.gov.br\/portal\/wp-json\/wp\/v2\/media?parent=11478"}],"wp:term":[{"taxonomy":"category","embeddable":true,"href":"https:\/\/www.santaritadopassaquatro.sp.gov.br\/portal\/wp-json\/wp\/v2\/categories?post=11478"},{"taxonomy":"post_tag","embeddable":true,"href":"https:\/\/www.santaritadopassaquatro.sp.gov.br\/portal\/wp-json\/wp\/v2\/tags?post=11478"}],"curies":[{"name":"wp","href":"https:\/\/api.w.org\/{rel}","templated":true}]}}