{"id":11488,"date":"2025-03-14T16:09:34","date_gmt":"2025-03-14T19:09:34","guid":{"rendered":"https:\/\/www.santaritadopassaquatro.sp.gov.br\/portal\/?p=11488"},"modified":"2025-03-14T16:09:47","modified_gmt":"2025-03-14T19:09:47","slug":"%f0%9f%93%9a%e2%9c%a8-santa-rita-do-passa-quatro-celebra-a-literatura-e-a-solidariedade-%e2%9c%a8%f0%9f%93%9a","status":"publish","type":"post","link":"https:\/\/www.santaritadopassaquatro.sp.gov.br\/portal\/%f0%9f%93%9a%e2%9c%a8-santa-rita-do-passa-quatro-celebra-a-literatura-e-a-solidariedade-%e2%9c%a8%f0%9f%93%9a\/","title":{"rendered":"\ud83d\udcda\u2728 Santa Rita do Passa Quatro celebra a literatura e a solidariedade! \u2728\ud83d\udcda"},"content":{"rendered":"\n<p>No s\u00e1bado 22 de fevereiro, dentro da Semana Art\u00edstico-Cultural \u201cSalvador Pujals Sabat\u00e9\u201d, tivemos a honra de prestigiar o lan\u00e7amento do livro \u201cPara o Amor que Chega\u201d, escrito pelo poeta Antonio Carniato Filho, juntamente com suas filhas, a Dra. Marinela Carniato e a Prof.\u00aa T\u00e2nia Maria Carniato Francalacci. \ud83d\udcd6\ud83d\udc99<br>A obra, al\u00e9m de enriquecer nossa cultura, tem um prop\u00f3sito nobre: toda a renda arrecadada ser\u00e1 revertida para a Santa Casa de Miseric\u00f3rdia de Santa Rita do Passa Quatro. \ud83d\ude4c\ud83d\udc96<br>O evento contou com a presen\u00e7a de importantes nomes da nossa literatura e comunidade:<br>\ud83c\udfa4 Prefeito Marcelo Sim\u00e3o e Gestora de Cultura Graziela Villela.<br>\ud83c\udfa4 Representando a Academia Santarritense de Letras: Syn\u00e9sio Mar\u00e7al Jr., o presidente Gr\u00e1cio Antonio dos Reis, Maria Deosdedite Giaretta Chaves (\u201cDete Giaretta\u201d) e, por v\u00eddeo, Salom\u00e3o \u00c9sper.<br>\ud83c\udfa4 Patrocinador do livro: Alfredo Jos\u00e9 Luciano.<br>\ud83c\udfa4 Diretor e s\u00f3cio da Irmandade da Santa Casa de Miseric\u00f3rdia: Bruno Domingos Dinardi.<br>\ud83c\udf1f Tamb\u00e9m ocuparam a mesa de honra:<br>\u2714\ufe0f Membros do Poder Legislativo: Dr. Fabio Gusman Palhares e Kleber Alessandro Borotto.<br>\u2714\ufe0f A artista Rita Lapastina Camargo, respons\u00e1vel pela ilustra\u00e7\u00e3o do livro.<br>\u2714\ufe0f A neta de Zequinha de Abreu, Dona Marise de Abreu Magione.<br>\u2714\ufe0f As professoras Izilda Guerra e Tatiana Monteiro.<br>\ud83c\udfb7 A noite foi abrilhantada por uma bel\u00edssima interven\u00e7\u00e3o art\u00edstica do saxofonista Rog\u00e9rio Bergo.<br>Agradecemos a todos os envolvidos e a quem prestigiou esse evento t\u00e3o especial! Santa Rita do Passa Quatro segue promovendo arte, cultura e solidariedade! \ud83d\udc99\u2728<\/p>\n\n\n\n<figure class=\"wp-block-gallery has-nested-images columns-default is-cropped wp-block-gallery-1 is-layout-flex wp-block-gallery-is-layout-flex\">\n<figure class=\"wp-block-image size-large\"><img decoding=\"async\" width=\"2048\" height=\"2560\" data-id=\"11492\" src=\"https:\/\/www.santaritadopassaquatro.sp.gov.br\/portal\/wp-content\/uploads\/2025\/03\/WhatsApp-Image-2025-03-12-at-09.28.53.jpeg\" alt=\"\" class=\"wp-image-11492\"\/><\/figure>\n\n\n\n<figure class=\"wp-block-image size-large\"><img decoding=\"async\" width=\"2048\" height=\"2560\" data-id=\"11490\" src=\"https:\/\/www.santaritadopassaquatro.sp.gov.br\/portal\/wp-content\/uploads\/2025\/03\/WhatsApp-Image-2025-03-12-at-09.28.54-1.jpeg\" alt=\"\" class=\"wp-image-11490\"\/><\/figure>\n\n\n\n<figure class=\"wp-block-image size-large\"><img decoding=\"async\" width=\"2048\" height=\"2560\" data-id=\"11494\" src=\"https:\/\/www.santaritadopassaquatro.sp.gov.br\/portal\/wp-content\/uploads\/2025\/03\/WhatsApp-Image-2025-03-12-at-09.28.54-2.jpeg\" alt=\"\" class=\"wp-image-11494\"\/><\/figure>\n\n\n\n<figure class=\"wp-block-image size-large\"><img decoding=\"async\" width=\"2048\" height=\"2560\" data-id=\"11493\" src=\"https:\/\/www.santaritadopassaquatro.sp.gov.br\/portal\/wp-content\/uploads\/2025\/03\/WhatsApp-Image-2025-03-12-at-09.28.54.jpeg\" alt=\"\" class=\"wp-image-11493\"\/><\/figure>\n\n\n\n<figure class=\"wp-block-image size-large\"><img decoding=\"async\" width=\"2048\" height=\"2560\" data-id=\"11495\" src=\"https:\/\/www.santaritadopassaquatro.sp.gov.br\/portal\/wp-content\/uploads\/2025\/03\/WhatsApp-Image-2025-03-12-at-09.28.55-1.jpeg\" alt=\"\" class=\"wp-image-11495\"\/><\/figure>\n\n\n\n<figure class=\"wp-block-image size-large\"><img decoding=\"async\" width=\"2048\" height=\"2560\" data-id=\"11497\" src=\"https:\/\/www.santaritadopassaquatro.sp.gov.br\/portal\/wp-content\/uploads\/2025\/03\/WhatsApp-Image-2025-03-12-at-09.28.55-2.jpeg\" alt=\"\" class=\"wp-image-11497\"\/><\/figure>\n\n\n\n<figure class=\"wp-block-image size-large\"><img decoding=\"async\" width=\"2048\" height=\"2560\" data-id=\"11491\" src=\"https:\/\/www.santaritadopassaquatro.sp.gov.br\/portal\/wp-content\/uploads\/2025\/03\/WhatsApp-Image-2025-03-12-at-09.28.55.jpeg\" alt=\"\" class=\"wp-image-11491\"\/><\/figure>\n<\/figure>\n","protected":false},"excerpt":{"rendered":"<p>No s\u00e1bado 22 de fevereiro, dentro da Semana Art\u00edstico-Cultural \u201cSalvador Pujals Sabat\u00e9\u201d, tivemos a honra de prestigiar o lan\u00e7amento do<\/p>\n","protected":false},"author":1,"featured_media":11489,"comment_status":"closed","ping_status":"open","sticky":false,"template":"","format":"standard","meta":{"footnotes":""},"categories":[46],"tags":[],"class_list":["post-11488","post","type-post","status-publish","format-standard","has-post-thumbnail","hentry","category-cultura"],"_links":{"self":[{"href":"https:\/\/www.santaritadopassaquatro.sp.gov.br\/portal\/wp-json\/wp\/v2\/posts\/11488","targetHints":{"allow":["GET"]}}],"collection":[{"href":"https:\/\/www.santaritadopassaquatro.sp.gov.br\/portal\/wp-json\/wp\/v2\/posts"}],"about":[{"href":"https:\/\/www.santaritadopassaquatro.sp.gov.br\/portal\/wp-json\/wp\/v2\/types\/post"}],"author":[{"embeddable":true,"href":"https:\/\/www.santaritadopassaquatro.sp.gov.br\/portal\/wp-json\/wp\/v2\/users\/1"}],"replies":[{"embeddable":true,"href":"https:\/\/www.santaritadopassaquatro.sp.gov.br\/portal\/wp-json\/wp\/v2\/comments?post=11488"}],"version-history":[{"count":2,"href":"https:\/\/www.santaritadopassaquatro.sp.gov.br\/portal\/wp-json\/wp\/v2\/posts\/11488\/revisions"}],"predecessor-version":[{"id":11498,"href":"https:\/\/www.santaritadopassaquatro.sp.gov.br\/portal\/wp-json\/wp\/v2\/posts\/11488\/revisions\/11498"}],"wp:featuredmedia":[{"embeddable":true,"href":"https:\/\/www.santaritadopassaquatro.sp.gov.br\/portal\/wp-json\/wp\/v2\/media\/11489"}],"wp:attachment":[{"href":"https:\/\/www.santaritadopassaquatro.sp.gov.br\/portal\/wp-json\/wp\/v2\/media?parent=11488"}],"wp:term":[{"taxonomy":"category","embeddable":true,"href":"https:\/\/www.santaritadopassaquatro.sp.gov.br\/portal\/wp-json\/wp\/v2\/categories?post=11488"},{"taxonomy":"post_tag","embeddable":true,"href":"https:\/\/www.santaritadopassaquatro.sp.gov.br\/portal\/wp-json\/wp\/v2\/tags?post=11488"}],"curies":[{"name":"wp","href":"https:\/\/api.w.org\/{rel}","templated":true}]}}