{"id":1150,"date":"2019-04-05T14:22:53","date_gmt":"2019-04-05T17:22:53","guid":{"rendered":"http:\/\/www.santaritadopassaquatro.sp.gov.br\/portal\/?p=1150"},"modified":"2019-04-05T14:22:53","modified_gmt":"2019-04-05T17:22:53","slug":"atualizado-plano-municipal-de-turismo-sera-apresentado-na-proxima-quinta-feira","status":"publish","type":"post","link":"https:\/\/www.santaritadopassaquatro.sp.gov.br\/portal\/atualizado-plano-municipal-de-turismo-sera-apresentado-na-proxima-quinta-feira\/","title":{"rendered":"Atualizado, Plano Municipal de Turismo ser\u00e1 apresentado na pr\u00f3xima quinta-feira"},"content":{"rendered":"<p><strong><em>Aberto ao p\u00fablico, evento que acontece no Centro Cultural M\u00e1rio Covas, \u00e0 partir das 18h30<\/em><\/strong><\/p>\n<p><strong><em>\u00a0<\/em><\/strong><\/p>\n<figure id=\"attachment_1151\" aria-describedby=\"caption-attachment-1151\" style=\"width: 300px\" class=\"wp-caption alignleft\"><img decoding=\"async\" class=\"wp-image-1151 size-medium\" src=\"http:\/\/www.santaritadopassaquatro.sp.gov.br\/portal\/wp-content\/uploads\/2019\/04\/audiencia_publica_turismo-300x200.jpg\" alt=\"\" width=\"300\" height=\"200\" srcset=\"https:\/\/www.santaritadopassaquatro.sp.gov.br\/portal\/wp-content\/uploads\/2019\/04\/audiencia_publica_turismo-300x200.jpg 300w, https:\/\/www.santaritadopassaquatro.sp.gov.br\/portal\/wp-content\/uploads\/2019\/04\/audiencia_publica_turismo-768x512.jpg 768w, https:\/\/www.santaritadopassaquatro.sp.gov.br\/portal\/wp-content\/uploads\/2019\/04\/audiencia_publica_turismo-1024x683.jpg 1024w\" sizes=\"(max-width: 300px) 100vw, 300px\" \/><figcaption id=\"caption-attachment-1151\" class=\"wp-caption-text\"><span style=\"font-size: 8pt; color: #999999;\"><em><strong>Os presentes na Audi\u00eancia P\u00fablica do Plano Municipal de Turismo, realizada em fevereiro, no Centro Cultural (Arquivo\/AssCom\/Divulga\u00e7\u00e3o)<\/strong><\/em><\/span><\/figcaption><\/figure>\n<p>Totalmente revisado e atualizado, o Plano Municipal de Turismo (PMT) de Santa Rita do Passa Quatro ter\u00e1 sua apresenta\u00e7\u00e3o ao p\u00fabico na pr\u00f3xima quinta-feira (11\/4), \u00e0 partir das 18h30, no Centro Cultural M\u00e1rio Covas<\/p>\n<p>Toda popula\u00e7\u00e3o est\u00e1 convidada para o evento que ir\u00e1 apresentar o resultado dos estudos e da participa\u00e7\u00e3o popular, que teve a oportunidade de opinar em audi\u00eancias p\u00fablicas, realizadas em fevereiro e mar\u00e7o, par debater os princ\u00edpios organizacionais, escolha de segmentos, valida\u00e7\u00e3o de an\u00e1lises, entre outros.<\/p>\n<p>A audi\u00eancias contaram com presen\u00e7as de representes do Comtur (Conselho Municipal de Turismo), OAB, vereadores, profissionais de diversos setores ligados ao turismo, e definiram metas a serem buscadas, com prioridade, investimentos, entre outros.<\/p>\n<p>O Plano Municipal de Turismo foi elaborado entre 2015 e 2016, quando o munic\u00edpio deu um importante passo para avan\u00e7ar no segmento, que \u00e9 um dos que mais crescem no mundo. A primeira vers\u00e3o do PMT foi apresentado ao p\u00fablico em abril de 2016. Um amplo documento foi elaborado e contou como aprova\u00e7\u00e3o no Legislativo Municipal, se tornando a Lei Municipal 3293, de 17 de maio de 2016.<\/p>\n<p>Sua primeira revis\u00e3o realizada agora foi coordenada pela empresa Expectativa Projetos Tur\u00edsticos, de Socorro (SP), vencedora da licita\u00e7\u00e3o para esta a\u00e7\u00e3o.<\/p>\n<p>&nbsp;<\/p>\n<p>&nbsp;<\/p>\n<p>&nbsp;<\/p>\n<p>&nbsp;<\/p>\n","protected":false},"excerpt":{"rendered":"<p>Aberto ao p\u00fablico, evento que acontece no Centro Cultural M\u00e1rio Covas, \u00e0 partir das 18h30 \u00a0 Totalmente revisado e atualizado,<\/p>\n","protected":false},"author":1,"featured_media":1151,"comment_status":"closed","ping_status":"open","sticky":false,"template":"","format":"standard","meta":{"footnotes":""},"categories":[52,60],"tags":[],"class_list":["post-1150","post","type-post","status-publish","format-standard","has-post-thumbnail","hentry","category-latest","category-turismo"],"_links":{"self":[{"href":"https:\/\/www.santaritadopassaquatro.sp.gov.br\/portal\/wp-json\/wp\/v2\/posts\/1150","targetHints":{"allow":["GET"]}}],"collection":[{"href":"https:\/\/www.santaritadopassaquatro.sp.gov.br\/portal\/wp-json\/wp\/v2\/posts"}],"about":[{"href":"https:\/\/www.santaritadopassaquatro.sp.gov.br\/portal\/wp-json\/wp\/v2\/types\/post"}],"author":[{"embeddable":true,"href":"https:\/\/www.santaritadopassaquatro.sp.gov.br\/portal\/wp-json\/wp\/v2\/users\/1"}],"replies":[{"embeddable":true,"href":"https:\/\/www.santaritadopassaquatro.sp.gov.br\/portal\/wp-json\/wp\/v2\/comments?post=1150"}],"version-history":[{"count":0,"href":"https:\/\/www.santaritadopassaquatro.sp.gov.br\/portal\/wp-json\/wp\/v2\/posts\/1150\/revisions"}],"wp:featuredmedia":[{"embeddable":true,"href":"https:\/\/www.santaritadopassaquatro.sp.gov.br\/portal\/wp-json\/wp\/v2\/media\/1151"}],"wp:attachment":[{"href":"https:\/\/www.santaritadopassaquatro.sp.gov.br\/portal\/wp-json\/wp\/v2\/media?parent=1150"}],"wp:term":[{"taxonomy":"category","embeddable":true,"href":"https:\/\/www.santaritadopassaquatro.sp.gov.br\/portal\/wp-json\/wp\/v2\/categories?post=1150"},{"taxonomy":"post_tag","embeddable":true,"href":"https:\/\/www.santaritadopassaquatro.sp.gov.br\/portal\/wp-json\/wp\/v2\/tags?post=1150"}],"curies":[{"name":"wp","href":"https:\/\/api.w.org\/{rel}","templated":true}]}}