{"id":11533,"date":"2025-03-14T16:16:54","date_gmt":"2025-03-14T19:16:54","guid":{"rendered":"https:\/\/www.santaritadopassaquatro.sp.gov.br\/portal\/?p=11533"},"modified":"2025-03-14T16:16:55","modified_gmt":"2025-03-14T19:16:55","slug":"%f0%9f%93%a2-atencao-contribuinte-prorrogacao-do-vencimento-do-iptu-2025-%f0%9f%93%a2","status":"publish","type":"post","link":"https:\/\/www.santaritadopassaquatro.sp.gov.br\/portal\/%f0%9f%93%a2-atencao-contribuinte-prorrogacao-do-vencimento-do-iptu-2025-%f0%9f%93%a2\/","title":{"rendered":"\ud83d\udce2 ATEN\u00c7\u00c3O, CONTRIBUINTE! PRORROGA\u00c7\u00c3O DO VENCIMENTO DO IPTU 2025! \ud83d\udce2"},"content":{"rendered":"\n<p>A 1\u00aa parcela do IPTU 2025 e a parcela \u00fanica com desconto tiveram seus vencimentos prorrogados para o dia 20 de mar\u00e7o! \u23f3\u2705 (Conforme o Decreto 3578 de 28\/02\/2025).<br>\ud83d\udcec Como acessar seu carn\u00ea?<br>\ud83d\udcbb Os carn\u00eas f\u00edsicos est\u00e3o sendo entregues nos endere\u00e7os cadastrados.<br>\ud83d\udd39 A vers\u00e3o online j\u00e1 est\u00e1 dispon\u00edvel no site oficial da Prefeitura!<br>\ud83d\udc49 Acesse o \u00edcone \u201cTributos\u201d no Acesso R\u00e1pido ou clique na imagem de abertura do site.<br>\ud83d\udca1 Por que pagar o IPTU \u00e9 importante?<br>A arrecada\u00e7\u00e3o do IPTU gera in\u00fameros benef\u00edcios para o desenvolvimento da nossa cidade! \ud83c\udfd7\ufe0f\ud83d\udc99 O valor arrecadado contribui para melhorias na infraestrutura, educa\u00e7\u00e3o, sa\u00fade, seguran\u00e7a e muito mais!<br>Mantenha-se em dia e ajude Santa Rita do Passa Quatro a crescer cada vez mais! \ud83d\ude80\u2728<\/p>\n\n\n\n<figure class=\"wp-block-gallery has-nested-images columns-default is-cropped wp-block-gallery-1 is-layout-flex wp-block-gallery-is-layout-flex\">\n<figure class=\"wp-block-image size-large\"><img decoding=\"async\" width=\"2048\" height=\"2560\" data-id=\"11537\" src=\"https:\/\/www.santaritadopassaquatro.sp.gov.br\/portal\/wp-content\/uploads\/2025\/03\/WhatsApp-Image-2025-03-12-at-09.41.00-4.jpeg\" alt=\"\" class=\"wp-image-11537\"\/><\/figure>\n\n\n\n<figure class=\"wp-block-image size-large\"><img decoding=\"async\" width=\"2048\" height=\"2560\" data-id=\"11536\" src=\"https:\/\/www.santaritadopassaquatro.sp.gov.br\/portal\/wp-content\/uploads\/2025\/03\/WhatsApp-Image-2025-03-12-at-09.41.00-3.jpeg\" alt=\"\" class=\"wp-image-11536\"\/><\/figure>\n\n\n\n<figure class=\"wp-block-image size-large\"><img decoding=\"async\" width=\"2048\" height=\"2560\" data-id=\"11535\" src=\"https:\/\/www.santaritadopassaquatro.sp.gov.br\/portal\/wp-content\/uploads\/2025\/03\/WhatsApp-Image-2025-03-12-at-09.41.00-2.jpeg\" alt=\"\" class=\"wp-image-11535\"\/><\/figure>\n\n\n\n<figure class=\"wp-block-image size-large\"><img decoding=\"async\" width=\"2048\" height=\"2560\" data-id=\"11534\" src=\"https:\/\/www.santaritadopassaquatro.sp.gov.br\/portal\/wp-content\/uploads\/2025\/03\/WhatsApp-Image-2025-03-12-at-09.41.00-1.jpeg\" alt=\"\" class=\"wp-image-11534\"\/><\/figure>\n<\/figure>\n","protected":false},"excerpt":{"rendered":"<p>A 1\u00aa parcela do IPTU 2025 e a parcela \u00fanica com desconto tiveram seus vencimentos prorrogados para o dia 20<\/p>\n","protected":false},"author":1,"featured_media":11538,"comment_status":"closed","ping_status":"open","sticky":false,"template":"","format":"standard","meta":{"footnotes":""},"categories":[61],"tags":[],"class_list":["post-11533","post","type-post","status-publish","format-standard","has-post-thumbnail","hentry","category-comunicados-importantes"],"_links":{"self":[{"href":"https:\/\/www.santaritadopassaquatro.sp.gov.br\/portal\/wp-json\/wp\/v2\/posts\/11533","targetHints":{"allow":["GET"]}}],"collection":[{"href":"https:\/\/www.santaritadopassaquatro.sp.gov.br\/portal\/wp-json\/wp\/v2\/posts"}],"about":[{"href":"https:\/\/www.santaritadopassaquatro.sp.gov.br\/portal\/wp-json\/wp\/v2\/types\/post"}],"author":[{"embeddable":true,"href":"https:\/\/www.santaritadopassaquatro.sp.gov.br\/portal\/wp-json\/wp\/v2\/users\/1"}],"replies":[{"embeddable":true,"href":"https:\/\/www.santaritadopassaquatro.sp.gov.br\/portal\/wp-json\/wp\/v2\/comments?post=11533"}],"version-history":[{"count":1,"href":"https:\/\/www.santaritadopassaquatro.sp.gov.br\/portal\/wp-json\/wp\/v2\/posts\/11533\/revisions"}],"predecessor-version":[{"id":11539,"href":"https:\/\/www.santaritadopassaquatro.sp.gov.br\/portal\/wp-json\/wp\/v2\/posts\/11533\/revisions\/11539"}],"wp:featuredmedia":[{"embeddable":true,"href":"https:\/\/www.santaritadopassaquatro.sp.gov.br\/portal\/wp-json\/wp\/v2\/media\/11538"}],"wp:attachment":[{"href":"https:\/\/www.santaritadopassaquatro.sp.gov.br\/portal\/wp-json\/wp\/v2\/media?parent=11533"}],"wp:term":[{"taxonomy":"category","embeddable":true,"href":"https:\/\/www.santaritadopassaquatro.sp.gov.br\/portal\/wp-json\/wp\/v2\/categories?post=11533"},{"taxonomy":"post_tag","embeddable":true,"href":"https:\/\/www.santaritadopassaquatro.sp.gov.br\/portal\/wp-json\/wp\/v2\/tags?post=11533"}],"curies":[{"name":"wp","href":"https:\/\/api.w.org\/{rel}","templated":true}]}}