{"id":11552,"date":"2025-03-14T16:19:47","date_gmt":"2025-03-14T19:19:47","guid":{"rendered":"https:\/\/www.santaritadopassaquatro.sp.gov.br\/portal\/?p=11552"},"modified":"2025-03-14T16:19:49","modified_gmt":"2025-03-14T19:19:49","slug":"%f0%9f%92%89%e2%9c%85-sucesso-no-dia-d-da-vacinacao-em-santa-rita-do-passa-quatro-%f0%9f%8e%89%f0%9f%91%8f","status":"publish","type":"post","link":"https:\/\/www.santaritadopassaquatro.sp.gov.br\/portal\/%f0%9f%92%89%e2%9c%85-sucesso-no-dia-d-da-vacinacao-em-santa-rita-do-passa-quatro-%f0%9f%8e%89%f0%9f%91%8f\/","title":{"rendered":"\ud83d\udc89\u2705 Sucesso no Dia D da Vacina\u00e7\u00e3o em Santa Rita do Passa Quatro! \ud83c\udf89\ud83d\udc4f"},"content":{"rendered":"\n<p>No \u00faltimo s\u00e1bado (22\/02), realizamos o Dia D da Vacina\u00e7\u00e3o no Centro de Sa\u00fade II e no CAIC, garantindo prote\u00e7\u00e3o e cuidado para nossa popula\u00e7\u00e3o! \ud83c\udfe5\ud83d\udc99<br>Agradecemos a todos que compareceram e ajudaram a fortalecer essa importante a\u00e7\u00e3o de sa\u00fade. Vacinar \u00e9 um ato de amor e responsabilidade! \ud83d\udcaa\u2764\ufe0f<br>\ud83d\udea8 E aten\u00e7\u00e3o! A campanha de vacina\u00e7\u00e3o contra a Dengue continua para meninos e meninas de 10 a 14 anos, de segunda a sexta, das 7h \u00e0s 15h, no Centro de Sa\u00fade II e no CAIC. N\u00e3o perca essa oportunidade de proteger quem voc\u00ea ama!<\/p>\n\n\n\n<figure class=\"wp-block-gallery has-nested-images columns-default is-cropped wp-block-gallery-1 is-layout-flex wp-block-gallery-is-layout-flex\">\n<figure class=\"wp-block-image size-large\"><img decoding=\"async\" width=\"2048\" height=\"2560\" data-id=\"11557\" src=\"https:\/\/www.santaritadopassaquatro.sp.gov.br\/portal\/wp-content\/uploads\/2025\/03\/WhatsApp-Image-2025-03-12-at-09.46.50.jpeg\" alt=\"\" class=\"wp-image-11557\"\/><\/figure>\n\n\n\n<figure class=\"wp-block-image size-large\"><img decoding=\"async\" width=\"2048\" height=\"2560\" data-id=\"11556\" src=\"https:\/\/www.santaritadopassaquatro.sp.gov.br\/portal\/wp-content\/uploads\/2025\/03\/WhatsApp-Image-2025-03-12-at-09.46.50-2.jpeg\" alt=\"\" class=\"wp-image-11556\"\/><\/figure>\n\n\n\n<figure class=\"wp-block-image size-large\"><img decoding=\"async\" width=\"2048\" height=\"2560\" data-id=\"11555\" src=\"https:\/\/www.santaritadopassaquatro.sp.gov.br\/portal\/wp-content\/uploads\/2025\/03\/WhatsApp-Image-2025-03-12-at-09.46.50-1.jpeg\" alt=\"\" class=\"wp-image-11555\"\/><\/figure>\n\n\n\n<figure class=\"wp-block-image size-large\"><img decoding=\"async\" width=\"2048\" height=\"2560\" data-id=\"11554\" src=\"https:\/\/www.santaritadopassaquatro.sp.gov.br\/portal\/wp-content\/uploads\/2025\/03\/WhatsApp-Image-2025-03-12-at-09.46.49.jpeg\" alt=\"\" class=\"wp-image-11554\"\/><\/figure>\n\n\n\n<figure class=\"wp-block-image size-large\"><img decoding=\"async\" width=\"2048\" height=\"2560\" data-id=\"11553\" src=\"https:\/\/www.santaritadopassaquatro.sp.gov.br\/portal\/wp-content\/uploads\/2025\/03\/WhatsApp-Image-2025-03-12-at-09.46.48.jpeg\" alt=\"\" class=\"wp-image-11553\"\/><\/figure>\n<\/figure>\n","protected":false},"excerpt":{"rendered":"<p>No \u00faltimo s\u00e1bado (22\/02), realizamos o Dia D da Vacina\u00e7\u00e3o no Centro de Sa\u00fade II e no CAIC, garantindo prote\u00e7\u00e3o<\/p>\n","protected":false},"author":1,"featured_media":11557,"comment_status":"closed","ping_status":"open","sticky":false,"template":"","format":"standard","meta":{"footnotes":""},"categories":[58],"tags":[],"class_list":["post-11552","post","type-post","status-publish","format-standard","has-post-thumbnail","hentry","category-health"],"_links":{"self":[{"href":"https:\/\/www.santaritadopassaquatro.sp.gov.br\/portal\/wp-json\/wp\/v2\/posts\/11552","targetHints":{"allow":["GET"]}}],"collection":[{"href":"https:\/\/www.santaritadopassaquatro.sp.gov.br\/portal\/wp-json\/wp\/v2\/posts"}],"about":[{"href":"https:\/\/www.santaritadopassaquatro.sp.gov.br\/portal\/wp-json\/wp\/v2\/types\/post"}],"author":[{"embeddable":true,"href":"https:\/\/www.santaritadopassaquatro.sp.gov.br\/portal\/wp-json\/wp\/v2\/users\/1"}],"replies":[{"embeddable":true,"href":"https:\/\/www.santaritadopassaquatro.sp.gov.br\/portal\/wp-json\/wp\/v2\/comments?post=11552"}],"version-history":[{"count":1,"href":"https:\/\/www.santaritadopassaquatro.sp.gov.br\/portal\/wp-json\/wp\/v2\/posts\/11552\/revisions"}],"predecessor-version":[{"id":11558,"href":"https:\/\/www.santaritadopassaquatro.sp.gov.br\/portal\/wp-json\/wp\/v2\/posts\/11552\/revisions\/11558"}],"wp:featuredmedia":[{"embeddable":true,"href":"https:\/\/www.santaritadopassaquatro.sp.gov.br\/portal\/wp-json\/wp\/v2\/media\/11557"}],"wp:attachment":[{"href":"https:\/\/www.santaritadopassaquatro.sp.gov.br\/portal\/wp-json\/wp\/v2\/media?parent=11552"}],"wp:term":[{"taxonomy":"category","embeddable":true,"href":"https:\/\/www.santaritadopassaquatro.sp.gov.br\/portal\/wp-json\/wp\/v2\/categories?post=11552"},{"taxonomy":"post_tag","embeddable":true,"href":"https:\/\/www.santaritadopassaquatro.sp.gov.br\/portal\/wp-json\/wp\/v2\/tags?post=11552"}],"curies":[{"name":"wp","href":"https:\/\/api.w.org\/{rel}","templated":true}]}}