{"id":11559,"date":"2025-03-14T16:21:18","date_gmt":"2025-03-14T19:21:18","guid":{"rendered":"https:\/\/www.santaritadopassaquatro.sp.gov.br\/portal\/?p=11559"},"modified":"2025-03-14T16:21:20","modified_gmt":"2025-03-14T19:21:20","slug":"%f0%9f%8e%89%f0%9f%8e%ad-sucesso-absoluto-no-santa-carna-folia-2025-%f0%9f%8e%b6%f0%9f%92%83-2","status":"publish","type":"post","link":"https:\/\/www.santaritadopassaquatro.sp.gov.br\/portal\/%f0%9f%8e%89%f0%9f%8e%ad-sucesso-absoluto-no-santa-carna-folia-2025-%f0%9f%8e%b6%f0%9f%92%83-2\/","title":{"rendered":"\ud83c\udf89\ud83c\udfad Sucesso absoluto no Santa Carna Folia 2025! \ud83c\udfb6\ud83d\udc83"},"content":{"rendered":"\n<p>De 01 a 04 de mar\u00e7o, Santa Rita do Passa Quatro viveu dias de muita alegria, m\u00fasica e divers\u00e3o na Pra\u00e7a Poeta M\u00e1rio Mattoso! Nosso Santa Carna Folia 2025 foi um verdadeiro espet\u00e1culo, reunindo fam\u00edlias, amigos e foli\u00f5es de todas as idades em uma festa inesquec\u00edvel! \ud83c\udf8a\ud83e\udd73<br>Agradecemos a todos que participaram e fizeram deste Carnaval um grande sucesso! J\u00e1 estamos ansiosos para o pr\u00f3ximo ano! \ud83c\udfb6\u2728<br>\ud83d\udcf8 Confira os melhores momentos do Domingo 02\/03 e reviva a energia contagiante do nosso carnaval!<\/p>\n\n\n\n<figure class=\"wp-block-gallery has-nested-images columns-default is-cropped wp-block-gallery-1 is-layout-flex wp-block-gallery-is-layout-flex\">\n<figure class=\"wp-block-image size-large\"><img decoding=\"async\" width=\"2048\" height=\"2560\" data-id=\"11569\" src=\"https:\/\/www.santaritadopassaquatro.sp.gov.br\/portal\/wp-content\/uploads\/2025\/03\/WhatsApp-Image-2025-03-12-at-09.51.06.jpeg\" alt=\"\" class=\"wp-image-11569\"\/><\/figure>\n\n\n\n<figure class=\"wp-block-image size-large\"><img decoding=\"async\" width=\"2048\" height=\"2560\" data-id=\"11568\" src=\"https:\/\/www.santaritadopassaquatro.sp.gov.br\/portal\/wp-content\/uploads\/2025\/03\/WhatsApp-Image-2025-03-12-at-09.51.06-1.jpeg\" alt=\"\" class=\"wp-image-11568\"\/><\/figure>\n\n\n\n<figure class=\"wp-block-image size-large\"><img decoding=\"async\" width=\"2048\" height=\"2560\" data-id=\"11567\" src=\"https:\/\/www.santaritadopassaquatro.sp.gov.br\/portal\/wp-content\/uploads\/2025\/03\/WhatsApp-Image-2025-03-12-at-09.51.05.jpeg\" alt=\"\" class=\"wp-image-11567\"\/><\/figure>\n\n\n\n<figure class=\"wp-block-image size-large\"><img decoding=\"async\" width=\"2048\" height=\"2560\" data-id=\"11566\" src=\"https:\/\/www.santaritadopassaquatro.sp.gov.br\/portal\/wp-content\/uploads\/2025\/03\/WhatsApp-Image-2025-03-12-at-09.51.05-3.jpeg\" alt=\"\" class=\"wp-image-11566\"\/><\/figure>\n\n\n\n<figure class=\"wp-block-image size-large\"><img decoding=\"async\" width=\"2048\" height=\"2560\" data-id=\"11565\" src=\"https:\/\/www.santaritadopassaquatro.sp.gov.br\/portal\/wp-content\/uploads\/2025\/03\/WhatsApp-Image-2025-03-12-at-09.51.05-2.jpeg\" alt=\"\" class=\"wp-image-11565\"\/><\/figure>\n\n\n\n<figure class=\"wp-block-image size-large\"><img decoding=\"async\" width=\"2048\" height=\"2560\" data-id=\"11564\" src=\"https:\/\/www.santaritadopassaquatro.sp.gov.br\/portal\/wp-content\/uploads\/2025\/03\/WhatsApp-Image-2025-03-12-at-09.51.05-1.jpeg\" alt=\"\" class=\"wp-image-11564\"\/><\/figure>\n\n\n\n<figure class=\"wp-block-image size-large\"><img decoding=\"async\" width=\"2048\" height=\"2560\" data-id=\"11563\" src=\"https:\/\/www.santaritadopassaquatro.sp.gov.br\/portal\/wp-content\/uploads\/2025\/03\/WhatsApp-Image-2025-03-12-at-09.51.04.jpeg\" alt=\"\" class=\"wp-image-11563\"\/><\/figure>\n\n\n\n<figure class=\"wp-block-image size-large\"><img decoding=\"async\" width=\"2048\" height=\"2560\" data-id=\"11562\" src=\"https:\/\/www.santaritadopassaquatro.sp.gov.br\/portal\/wp-content\/uploads\/2025\/03\/WhatsApp-Image-2025-03-12-at-09.51.04-3.jpeg\" alt=\"\" class=\"wp-image-11562\"\/><\/figure>\n\n\n\n<figure class=\"wp-block-image size-large\"><img decoding=\"async\" width=\"2048\" height=\"2560\" data-id=\"11561\" src=\"https:\/\/www.santaritadopassaquatro.sp.gov.br\/portal\/wp-content\/uploads\/2025\/03\/WhatsApp-Image-2025-03-12-at-09.51.04-2.jpeg\" alt=\"\" class=\"wp-image-11561\"\/><\/figure>\n\n\n\n<figure class=\"wp-block-image size-large\"><img decoding=\"async\" width=\"2048\" height=\"2560\" data-id=\"11560\" src=\"https:\/\/www.santaritadopassaquatro.sp.gov.br\/portal\/wp-content\/uploads\/2025\/03\/WhatsApp-Image-2025-03-12-at-09.51.04-1.jpeg\" alt=\"\" class=\"wp-image-11560\"\/><\/figure>\n<\/figure>\n","protected":false},"excerpt":{"rendered":"<p>De 01 a 04 de mar\u00e7o, Santa Rita do Passa Quatro viveu dias de muita alegria, m\u00fasica e divers\u00e3o na<\/p>\n","protected":false},"author":1,"featured_media":11569,"comment_status":"closed","ping_status":"open","sticky":false,"template":"","format":"standard","meta":{"footnotes":""},"categories":[60],"tags":[],"class_list":["post-11559","post","type-post","status-publish","format-standard","has-post-thumbnail","hentry","category-turismo"],"_links":{"self":[{"href":"https:\/\/www.santaritadopassaquatro.sp.gov.br\/portal\/wp-json\/wp\/v2\/posts\/11559","targetHints":{"allow":["GET"]}}],"collection":[{"href":"https:\/\/www.santaritadopassaquatro.sp.gov.br\/portal\/wp-json\/wp\/v2\/posts"}],"about":[{"href":"https:\/\/www.santaritadopassaquatro.sp.gov.br\/portal\/wp-json\/wp\/v2\/types\/post"}],"author":[{"embeddable":true,"href":"https:\/\/www.santaritadopassaquatro.sp.gov.br\/portal\/wp-json\/wp\/v2\/users\/1"}],"replies":[{"embeddable":true,"href":"https:\/\/www.santaritadopassaquatro.sp.gov.br\/portal\/wp-json\/wp\/v2\/comments?post=11559"}],"version-history":[{"count":1,"href":"https:\/\/www.santaritadopassaquatro.sp.gov.br\/portal\/wp-json\/wp\/v2\/posts\/11559\/revisions"}],"predecessor-version":[{"id":11570,"href":"https:\/\/www.santaritadopassaquatro.sp.gov.br\/portal\/wp-json\/wp\/v2\/posts\/11559\/revisions\/11570"}],"wp:featuredmedia":[{"embeddable":true,"href":"https:\/\/www.santaritadopassaquatro.sp.gov.br\/portal\/wp-json\/wp\/v2\/media\/11569"}],"wp:attachment":[{"href":"https:\/\/www.santaritadopassaquatro.sp.gov.br\/portal\/wp-json\/wp\/v2\/media?parent=11559"}],"wp:term":[{"taxonomy":"category","embeddable":true,"href":"https:\/\/www.santaritadopassaquatro.sp.gov.br\/portal\/wp-json\/wp\/v2\/categories?post=11559"},{"taxonomy":"post_tag","embeddable":true,"href":"https:\/\/www.santaritadopassaquatro.sp.gov.br\/portal\/wp-json\/wp\/v2\/tags?post=11559"}],"curies":[{"name":"wp","href":"https:\/\/api.w.org\/{rel}","templated":true}]}}