{"id":11588,"date":"2025-03-14T16:25:27","date_gmt":"2025-03-14T19:25:27","guid":{"rendered":"https:\/\/www.santaritadopassaquatro.sp.gov.br\/portal\/?p=11588"},"modified":"2025-03-14T16:25:28","modified_gmt":"2025-03-14T19:25:28","slug":"%f0%9f%8e%89%f0%9f%8e%ad-sucesso-absoluto-no-santa-carna-folia-2025-%f0%9f%8e%b6%f0%9f%92%83-4","status":"publish","type":"post","link":"https:\/\/www.santaritadopassaquatro.sp.gov.br\/portal\/%f0%9f%8e%89%f0%9f%8e%ad-sucesso-absoluto-no-santa-carna-folia-2025-%f0%9f%8e%b6%f0%9f%92%83-4\/","title":{"rendered":"\ud83c\udf89\ud83c\udfad Sucesso absoluto no Santa Carna Folia 2025! \ud83c\udfb6\ud83d\udc83"},"content":{"rendered":"\n<p>De 01 a 04 de mar\u00e7o, Santa Rita do Passa Quatro viveu dias de muita alegria, m\u00fasica e divers\u00e3o na Pra\u00e7a Poeta M\u00e1rio Mattoso! Nosso Santa Carna Folia 2025 foi um verdadeiro espet\u00e1culo, reunindo fam\u00edlias, amigos e foli\u00f5es de todas as idades em uma festa inesquec\u00edvel! \ud83c\udf8a\ud83e\udd73<br>Agradecemos a todos que participaram e fizeram deste Carnaval um grande sucesso! J\u00e1 estamos ansiosos para o pr\u00f3ximo ano! \ud83c\udfb6\u2728<br>\ud83d\udcf8 Confira os melhores momentos da Ter\u00e7a 04\/03 e reviva a energia contagiante do nosso carnaval!<\/p>\n\n\n\n<figure class=\"wp-block-gallery has-nested-images columns-default is-cropped wp-block-gallery-1 is-layout-flex wp-block-gallery-is-layout-flex\">\n<figure class=\"wp-block-image size-large\"><img decoding=\"async\" width=\"2048\" height=\"2560\" data-id=\"11591\" src=\"https:\/\/www.santaritadopassaquatro.sp.gov.br\/portal\/wp-content\/uploads\/2025\/03\/WhatsApp-Image-2025-03-12-at-09.59.51.jpeg\" alt=\"\" class=\"wp-image-11591\"\/><\/figure>\n\n\n\n<figure class=\"wp-block-image size-large\"><img decoding=\"async\" width=\"2048\" height=\"2560\" data-id=\"11597\" src=\"https:\/\/www.santaritadopassaquatro.sp.gov.br\/portal\/wp-content\/uploads\/2025\/03\/WhatsApp-Image-2025-03-12-at-09.59.52-1.jpeg\" alt=\"\" class=\"wp-image-11597\"\/><\/figure>\n\n\n\n<figure class=\"wp-block-image size-large\"><img decoding=\"async\" width=\"2048\" height=\"2560\" data-id=\"11595\" src=\"https:\/\/www.santaritadopassaquatro.sp.gov.br\/portal\/wp-content\/uploads\/2025\/03\/WhatsApp-Image-2025-03-12-at-09.59.52-2.jpeg\" alt=\"\" class=\"wp-image-11595\"\/><\/figure>\n\n\n\n<figure class=\"wp-block-image size-large\"><img decoding=\"async\" width=\"2048\" height=\"2560\" data-id=\"11590\" src=\"https:\/\/www.santaritadopassaquatro.sp.gov.br\/portal\/wp-content\/uploads\/2025\/03\/WhatsApp-Image-2025-03-12-at-09.59.52.jpeg\" alt=\"\" class=\"wp-image-11590\"\/><\/figure>\n\n\n\n<figure class=\"wp-block-image size-large\"><img decoding=\"async\" width=\"2048\" height=\"2560\" data-id=\"11594\" src=\"https:\/\/www.santaritadopassaquatro.sp.gov.br\/portal\/wp-content\/uploads\/2025\/03\/WhatsApp-Image-2025-03-12-at-09.59.53-1.jpeg\" alt=\"\" class=\"wp-image-11594\"\/><\/figure>\n\n\n\n<figure class=\"wp-block-image size-large\"><img decoding=\"async\" width=\"2048\" height=\"2560\" data-id=\"11592\" src=\"https:\/\/www.santaritadopassaquatro.sp.gov.br\/portal\/wp-content\/uploads\/2025\/03\/WhatsApp-Image-2025-03-12-at-09.59.53-2.jpeg\" alt=\"\" class=\"wp-image-11592\"\/><\/figure>\n\n\n\n<figure class=\"wp-block-image size-large\"><img decoding=\"async\" width=\"2048\" height=\"2560\" data-id=\"11593\" src=\"https:\/\/www.santaritadopassaquatro.sp.gov.br\/portal\/wp-content\/uploads\/2025\/03\/WhatsApp-Image-2025-03-12-at-09.59.53-3.jpeg\" alt=\"\" class=\"wp-image-11593\"\/><\/figure>\n\n\n\n<figure class=\"wp-block-image size-large\"><img decoding=\"async\" width=\"2048\" height=\"2560\" data-id=\"11596\" src=\"https:\/\/www.santaritadopassaquatro.sp.gov.br\/portal\/wp-content\/uploads\/2025\/03\/WhatsApp-Image-2025-03-12-at-09.59.53.jpeg\" alt=\"\" class=\"wp-image-11596\"\/><\/figure>\n\n\n\n<figure class=\"wp-block-image size-large\"><img decoding=\"async\" width=\"2048\" height=\"2560\" data-id=\"11598\" src=\"https:\/\/www.santaritadopassaquatro.sp.gov.br\/portal\/wp-content\/uploads\/2025\/03\/WhatsApp-Image-2025-03-12-at-09.59.54.jpeg\" alt=\"\" class=\"wp-image-11598\"\/><\/figure>\n<\/figure>\n","protected":false},"excerpt":{"rendered":"<p>De 01 a 04 de mar\u00e7o, Santa Rita do Passa Quatro viveu dias de muita alegria, m\u00fasica e divers\u00e3o na<\/p>\n","protected":false},"author":1,"featured_media":11589,"comment_status":"closed","ping_status":"open","sticky":false,"template":"","format":"standard","meta":{"footnotes":""},"categories":[60],"tags":[],"class_list":["post-11588","post","type-post","status-publish","format-standard","has-post-thumbnail","hentry","category-turismo"],"_links":{"self":[{"href":"https:\/\/www.santaritadopassaquatro.sp.gov.br\/portal\/wp-json\/wp\/v2\/posts\/11588","targetHints":{"allow":["GET"]}}],"collection":[{"href":"https:\/\/www.santaritadopassaquatro.sp.gov.br\/portal\/wp-json\/wp\/v2\/posts"}],"about":[{"href":"https:\/\/www.santaritadopassaquatro.sp.gov.br\/portal\/wp-json\/wp\/v2\/types\/post"}],"author":[{"embeddable":true,"href":"https:\/\/www.santaritadopassaquatro.sp.gov.br\/portal\/wp-json\/wp\/v2\/users\/1"}],"replies":[{"embeddable":true,"href":"https:\/\/www.santaritadopassaquatro.sp.gov.br\/portal\/wp-json\/wp\/v2\/comments?post=11588"}],"version-history":[{"count":1,"href":"https:\/\/www.santaritadopassaquatro.sp.gov.br\/portal\/wp-json\/wp\/v2\/posts\/11588\/revisions"}],"predecessor-version":[{"id":11599,"href":"https:\/\/www.santaritadopassaquatro.sp.gov.br\/portal\/wp-json\/wp\/v2\/posts\/11588\/revisions\/11599"}],"wp:featuredmedia":[{"embeddable":true,"href":"https:\/\/www.santaritadopassaquatro.sp.gov.br\/portal\/wp-json\/wp\/v2\/media\/11589"}],"wp:attachment":[{"href":"https:\/\/www.santaritadopassaquatro.sp.gov.br\/portal\/wp-json\/wp\/v2\/media?parent=11588"}],"wp:term":[{"taxonomy":"category","embeddable":true,"href":"https:\/\/www.santaritadopassaquatro.sp.gov.br\/portal\/wp-json\/wp\/v2\/categories?post=11588"},{"taxonomy":"post_tag","embeddable":true,"href":"https:\/\/www.santaritadopassaquatro.sp.gov.br\/portal\/wp-json\/wp\/v2\/tags?post=11588"}],"curies":[{"name":"wp","href":"https:\/\/api.w.org\/{rel}","templated":true}]}}