{"id":11615,"date":"2025-03-14T16:28:28","date_gmt":"2025-03-14T19:28:28","guid":{"rendered":"https:\/\/www.santaritadopassaquatro.sp.gov.br\/portal\/?p=11615"},"modified":"2025-03-14T16:28:29","modified_gmt":"2025-03-14T19:28:29","slug":"sebrae-delas-saude-mental-vamos-conversar-%f0%9f%92%9c","status":"publish","type":"post","link":"https:\/\/www.santaritadopassaquatro.sp.gov.br\/portal\/sebrae-delas-saude-mental-vamos-conversar-%f0%9f%92%9c\/","title":{"rendered":"Sebrae Delas &#8211; Sa\u00fade Mental, vamos conversar? \ud83d\udc9c"},"content":{"rendered":"\n<p>&#8220;Descubra a import\u00e2ncia de cuidar da sa\u00fade mental! Com uma abordagem focada no bem-estar psicol\u00f3gico e emocional, nossos programas incentivam a ado\u00e7\u00e3o de pr\u00e1ticas di\u00e1rias que fortalecem a resili\u00eancia mental e promovem a autocompaix\u00e3o. Ao participar, voc\u00ea aprender\u00e1 a estabelecer limites saud\u00e1veis, buscar apoio quando necess\u00e1rio e adotar h\u00e1bitos que impulsionem o equil\u00edbrio emocional&#8221;<br>Evento gratuito e para maiores de 18 anos!<br>\ud83d\udcc5Data: 25\/03 (ter\u00e7a-feira)<br>\u23f0Hor\u00e1rio: 19h<br>\ud83d\udccdPresencial : Centro Cultural e Museu Jos\u00e9 Spadon (Antiga Delegacia)<br>Av. Severino Meirelles, 896 &#8211; Centro &#8211; Santa Rita do Passa Quatro<br>Fa\u00e7a a sua inscri\u00e7\u00e3o agora mesmo, as vagas s\u00e3o limitadas! \ud83d\udc47\ud83d\udc47<br>https:\/\/inscricao.sebraesp.com.br\/produto\/turma\/34433380<br>Esta palestra \u00e9 uma realiza\u00e7\u00e3o do Fundo Social de Solidariedade, Departamento de Assist\u00eancia Social, Departamento de Turismo, Desenvolvimento Econ\u00f4mico, Cultura e Esportes, atrav\u00e9s do SEBRAE Aqui, e Departamento de Sa\u00fade!<\/p>\n","protected":false},"excerpt":{"rendered":"<p>&#8220;Descubra a import\u00e2ncia de cuidar da sa\u00fade mental! Com uma abordagem focada no bem-estar psicol\u00f3gico e emocional, nossos programas incentivam<\/p>\n","protected":false},"author":1,"featured_media":11616,"comment_status":"closed","ping_status":"open","sticky":false,"template":"","format":"standard","meta":{"footnotes":""},"categories":[58],"tags":[],"class_list":["post-11615","post","type-post","status-publish","format-standard","has-post-thumbnail","hentry","category-health"],"_links":{"self":[{"href":"https:\/\/www.santaritadopassaquatro.sp.gov.br\/portal\/wp-json\/wp\/v2\/posts\/11615","targetHints":{"allow":["GET"]}}],"collection":[{"href":"https:\/\/www.santaritadopassaquatro.sp.gov.br\/portal\/wp-json\/wp\/v2\/posts"}],"about":[{"href":"https:\/\/www.santaritadopassaquatro.sp.gov.br\/portal\/wp-json\/wp\/v2\/types\/post"}],"author":[{"embeddable":true,"href":"https:\/\/www.santaritadopassaquatro.sp.gov.br\/portal\/wp-json\/wp\/v2\/users\/1"}],"replies":[{"embeddable":true,"href":"https:\/\/www.santaritadopassaquatro.sp.gov.br\/portal\/wp-json\/wp\/v2\/comments?post=11615"}],"version-history":[{"count":1,"href":"https:\/\/www.santaritadopassaquatro.sp.gov.br\/portal\/wp-json\/wp\/v2\/posts\/11615\/revisions"}],"predecessor-version":[{"id":11617,"href":"https:\/\/www.santaritadopassaquatro.sp.gov.br\/portal\/wp-json\/wp\/v2\/posts\/11615\/revisions\/11617"}],"wp:featuredmedia":[{"embeddable":true,"href":"https:\/\/www.santaritadopassaquatro.sp.gov.br\/portal\/wp-json\/wp\/v2\/media\/11616"}],"wp:attachment":[{"href":"https:\/\/www.santaritadopassaquatro.sp.gov.br\/portal\/wp-json\/wp\/v2\/media?parent=11615"}],"wp:term":[{"taxonomy":"category","embeddable":true,"href":"https:\/\/www.santaritadopassaquatro.sp.gov.br\/portal\/wp-json\/wp\/v2\/categories?post=11615"},{"taxonomy":"post_tag","embeddable":true,"href":"https:\/\/www.santaritadopassaquatro.sp.gov.br\/portal\/wp-json\/wp\/v2\/tags?post=11615"}],"curies":[{"name":"wp","href":"https:\/\/api.w.org\/{rel}","templated":true}]}}