{"id":11623,"date":"2025-03-14T16:30:57","date_gmt":"2025-03-14T19:30:57","guid":{"rendered":"https:\/\/www.santaritadopassaquatro.sp.gov.br\/portal\/?p=11623"},"modified":"2025-03-14T16:30:58","modified_gmt":"2025-03-14T19:30:58","slug":"%f0%9f%93%a2-santa-rita-do-passa-quatro-sedia-deliberacao-do-plano-regional-de-turismo-da-arteac-%f0%9f%8c%8d%e2%9c%a8","status":"publish","type":"post","link":"https:\/\/www.santaritadopassaquatro.sp.gov.br\/portal\/%f0%9f%93%a2-santa-rita-do-passa-quatro-sedia-deliberacao-do-plano-regional-de-turismo-da-arteac-%f0%9f%8c%8d%e2%9c%a8\/","title":{"rendered":"\ud83d\udce2 Santa Rita do Passa Quatro sedia delibera\u00e7\u00e3o do Plano Regional de Turismo da ARTEAC! \ud83c\udf0d\u2728"},"content":{"rendered":"\n<p>Nesta ter\u00e7a-feira, 11 de mar\u00e7o, o Espa\u00e7o Mirante do Morro Itatiaia recebeu a delibera\u00e7\u00e3o do Plano de A\u00e7\u00e3o do Plano Regional de Turismo da ARTEAC \u2013 Associa\u00e7\u00e3o da Regi\u00e3o Tur\u00edstica Encantos da Anhanguera Central.<br>\ud83d\udd39 Cidade anfitri\u00e3: Santa Rita do Passa Quatro<br>\ud83d\udd39 Prefeito anfitri\u00e3o: Marcelo Sim\u00e3o, tamb\u00e9m Presidente da ARTEAC e CONIAC<br>\ud83d\udccc Principais pautas debatidas:<br>\u2705 Fortalecimento da Inst\u00e2ncia de Governan\u00e7a Regional<br>\u2705 Cria\u00e7\u00e3o de um calend\u00e1rio de eventos regionalizado<br>\u2705 Defini\u00e7\u00e3o de visitas t\u00e9cnicas nas cidades-membro<br>\u2705 Consolida\u00e7\u00e3o de um regimento interno<br>\u2705 Sinaliza\u00e7\u00e3o tur\u00edstica local e regionalizada (explanada por Val\u00e9ria Zerbato, Coordenadora de Turismo)<br>\u2705 CULTSP PRO: Santa Rita como cidade sede dos encontros de forma\u00e7\u00e3o (explanado por Graziela Villela, Gestora de Cultura)<br>\u2705 Integra\u00e7\u00e3o e nova identidade visual do CONIAC (Cons\u00f3rcio Intermunicipal da Anhanguera Central)<br>\ud83d\udc65 Autoridades presentes:<br>\u2714 Marcelo Sim\u00e3o \u2013 Prefeito de Santa Rita do Passa Quatro e Presidente da ARTEAC e CONIAC<br>\u2714 Ariana Jamus Pupo \u2013 Vice-Prefeita de Santa Rita do Passa Quatro<br>\u2714 Representantes das prefeituras de Araras, Descalvado, Leme, Porto Ferreira, Santa Cruz da Concei\u00e7\u00e3o e Santa Cruz das Palmeiras<br>\u2714 Adriano Prenha \u2013 Secret\u00e1rio de Turismo de S\u00e3o Sim\u00e3o e Concession\u00e1rio do Morro Itatiaia<br>\u2714 T\u00e2nia Marchi \u2013 Vice-presidente da ARTEAC<br>\u2714 Marcos Maquininha \u2013 Diretor de Turismo, Desenvolvimento Econ\u00f4mico, Cultura e Esportes de Santa Rita do Passa Quatro<br>O evento foi apresentado pelo Gestor de Comunica\u00e7\u00e3o, Jo\u00e3o V\u00edtor Frutuoso, e teve a Delibera\u00e7\u00e3o conduzida pelo Assessor Jur\u00eddico, Pedro Lolli, refor\u00e7a o compromisso da regi\u00e3o com o turismo, promovendo integra\u00e7\u00e3o, planejamento e desenvolvimento sustent\u00e1vel! \ud83d\ude80\ud83c\udf04<br>\ud83d\udce2 Acompanhe as a\u00e7\u00f5es que fortalecem o turismo em Santa Rita e regi\u00e3o!<\/p>\n\n\n\n<figure class=\"wp-block-gallery has-nested-images columns-default is-cropped wp-block-gallery-1 is-layout-flex wp-block-gallery-is-layout-flex\">\n<figure class=\"wp-block-image size-large\"><img decoding=\"async\" width=\"2048\" height=\"2560\" data-id=\"11625\" src=\"https:\/\/www.santaritadopassaquatro.sp.gov.br\/portal\/wp-content\/uploads\/2025\/03\/WhatsApp-Image-2025-03-12-at-10.12.08-1.jpeg\" alt=\"\" class=\"wp-image-11625\"\/><\/figure>\n\n\n\n<figure class=\"wp-block-image size-large\"><img decoding=\"async\" width=\"2048\" height=\"2560\" data-id=\"11626\" src=\"https:\/\/www.santaritadopassaquatro.sp.gov.br\/portal\/wp-content\/uploads\/2025\/03\/WhatsApp-Image-2025-03-12-at-10.12.09-1.jpeg\" alt=\"\" class=\"wp-image-11626\"\/><\/figure>\n\n\n\n<figure class=\"wp-block-image size-large\"><img decoding=\"async\" width=\"2048\" height=\"2560\" data-id=\"11630\" src=\"https:\/\/www.santaritadopassaquatro.sp.gov.br\/portal\/wp-content\/uploads\/2025\/03\/WhatsApp-Image-2025-03-12-at-10.12.09-2.jpeg\" alt=\"\" class=\"wp-image-11630\"\/><\/figure>\n\n\n\n<figure class=\"wp-block-image size-large\"><img decoding=\"async\" width=\"2048\" height=\"2560\" data-id=\"11628\" src=\"https:\/\/www.santaritadopassaquatro.sp.gov.br\/portal\/wp-content\/uploads\/2025\/03\/WhatsApp-Image-2025-03-12-at-10.12.09-3.jpeg\" alt=\"\" class=\"wp-image-11628\"\/><\/figure>\n\n\n\n<figure class=\"wp-block-image size-large\"><img decoding=\"async\" width=\"2048\" height=\"2560\" data-id=\"11627\" src=\"https:\/\/www.santaritadopassaquatro.sp.gov.br\/portal\/wp-content\/uploads\/2025\/03\/WhatsApp-Image-2025-03-12-at-10.12.09-4.jpeg\" alt=\"\" class=\"wp-image-11627\"\/><\/figure>\n\n\n\n<figure class=\"wp-block-image size-large\"><img decoding=\"async\" width=\"2048\" height=\"2560\" data-id=\"11629\" src=\"https:\/\/www.santaritadopassaquatro.sp.gov.br\/portal\/wp-content\/uploads\/2025\/03\/WhatsApp-Image-2025-03-12-at-10.12.09.jpeg\" alt=\"\" class=\"wp-image-11629\"\/><\/figure>\n<\/figure>\n","protected":false},"excerpt":{"rendered":"<p>Nesta ter\u00e7a-feira, 11 de mar\u00e7o, o Espa\u00e7o Mirante do Morro Itatiaia recebeu a delibera\u00e7\u00e3o do Plano de A\u00e7\u00e3o do Plano<\/p>\n","protected":false},"author":1,"featured_media":11624,"comment_status":"closed","ping_status":"open","sticky":false,"template":"","format":"standard","meta":{"footnotes":""},"categories":[60],"tags":[],"class_list":["post-11623","post","type-post","status-publish","format-standard","has-post-thumbnail","hentry","category-turismo"],"_links":{"self":[{"href":"https:\/\/www.santaritadopassaquatro.sp.gov.br\/portal\/wp-json\/wp\/v2\/posts\/11623","targetHints":{"allow":["GET"]}}],"collection":[{"href":"https:\/\/www.santaritadopassaquatro.sp.gov.br\/portal\/wp-json\/wp\/v2\/posts"}],"about":[{"href":"https:\/\/www.santaritadopassaquatro.sp.gov.br\/portal\/wp-json\/wp\/v2\/types\/post"}],"author":[{"embeddable":true,"href":"https:\/\/www.santaritadopassaquatro.sp.gov.br\/portal\/wp-json\/wp\/v2\/users\/1"}],"replies":[{"embeddable":true,"href":"https:\/\/www.santaritadopassaquatro.sp.gov.br\/portal\/wp-json\/wp\/v2\/comments?post=11623"}],"version-history":[{"count":1,"href":"https:\/\/www.santaritadopassaquatro.sp.gov.br\/portal\/wp-json\/wp\/v2\/posts\/11623\/revisions"}],"predecessor-version":[{"id":11631,"href":"https:\/\/www.santaritadopassaquatro.sp.gov.br\/portal\/wp-json\/wp\/v2\/posts\/11623\/revisions\/11631"}],"wp:featuredmedia":[{"embeddable":true,"href":"https:\/\/www.santaritadopassaquatro.sp.gov.br\/portal\/wp-json\/wp\/v2\/media\/11624"}],"wp:attachment":[{"href":"https:\/\/www.santaritadopassaquatro.sp.gov.br\/portal\/wp-json\/wp\/v2\/media?parent=11623"}],"wp:term":[{"taxonomy":"category","embeddable":true,"href":"https:\/\/www.santaritadopassaquatro.sp.gov.br\/portal\/wp-json\/wp\/v2\/categories?post=11623"},{"taxonomy":"post_tag","embeddable":true,"href":"https:\/\/www.santaritadopassaquatro.sp.gov.br\/portal\/wp-json\/wp\/v2\/tags?post=11623"}],"curies":[{"name":"wp","href":"https:\/\/api.w.org\/{rel}","templated":true}]}}