{"id":11647,"date":"2025-03-14T16:33:04","date_gmt":"2025-03-14T19:33:04","guid":{"rendered":"https:\/\/www.santaritadopassaquatro.sp.gov.br\/portal\/?p=11647"},"modified":"2025-03-14T16:33:06","modified_gmt":"2025-03-14T19:33:06","slug":"%f0%9f%8d%95%f0%9f%8e%89-aula-inaugural-do-curso-prepare-e-venda-pizzas-doces-e-salgadas","status":"publish","type":"post","link":"https:\/\/www.santaritadopassaquatro.sp.gov.br\/portal\/%f0%9f%8d%95%f0%9f%8e%89-aula-inaugural-do-curso-prepare-e-venda-pizzas-doces-e-salgadas\/","title":{"rendered":"\ud83c\udf55\ud83c\udf89 Aula inaugural do curso &#8220;Prepare e Venda Pizzas Doces e Salgadas&#8221;!"},"content":{"rendered":"\n<p>Na \u00faltima quinta-feira (06\/03), o Fundo Social de Solidariedade, junto ao Departamento Municipal de Assist\u00eancia Social e em parceria com o SEBRAE, deu in\u00edcio a mais uma grande oportunidade de capacita\u00e7\u00e3o para nossa popula\u00e7\u00e3o! \ud83d\udc69\u200d\ud83c\udf73\ud83d\udc68\u200d\ud83c\udf73<\/p>\n\n\n\n<p>O curso ensina t\u00e9cnicas de preparo, manipula\u00e7\u00e3o segura dos alimentos e organiza\u00e7\u00e3o mise en place, proporcionando conhecimento para quem deseja empreender ou aprimorar suas habilidades na gastronomia. \ud83d\udcda\u2728<\/p>\n\n\n\n<p>A aula inaugural contou com a presen\u00e7a do Prefeito Marcelo Sim\u00e3o, da Presidente do Fundo Social de Solidariedade Fabricia Roberta Viana, da Diretora do Departamento de Assist\u00eancia Social Patricia Jord\u00e3o Mion, do Chefe de Gabinete Ronaldo Eluf, do Assessor de Gabinete Pedro Lolli, da Assessora de Departamento Maura Arioli, da Colaboradora Yara Isabel e da Professora do SEBRAE Juliana Gon\u00e7alves Amaro de Souza.<\/p>\n\n\n\n<p>\ud83d\udc4f Agradecemos a parceria com o SEBRAE e a todos os envolvidos que tornaram esse momento poss\u00edvel, refor\u00e7ando nosso compromisso com a qualifica\u00e7\u00e3o profissional e o empreendedorismo em Santa Rita do Passa Quatro!<\/p>\n\n\n\n<p>\ud83d\udcf8 Confira alguns registros desse momento especial!<\/p>\n","protected":false},"excerpt":{"rendered":"<p>Na \u00faltima quinta-feira (06\/03), o Fundo Social de Solidariedade, junto ao Departamento Municipal de Assist\u00eancia Social e em parceria com<\/p>\n","protected":false},"author":1,"featured_media":11648,"comment_status":"closed","ping_status":"open","sticky":false,"template":"","format":"standard","meta":{"footnotes":""},"categories":[62],"tags":[],"class_list":["post-11647","post","type-post","status-publish","format-standard","has-post-thumbnail","hentry","category-fundo-social"],"_links":{"self":[{"href":"https:\/\/www.santaritadopassaquatro.sp.gov.br\/portal\/wp-json\/wp\/v2\/posts\/11647","targetHints":{"allow":["GET"]}}],"collection":[{"href":"https:\/\/www.santaritadopassaquatro.sp.gov.br\/portal\/wp-json\/wp\/v2\/posts"}],"about":[{"href":"https:\/\/www.santaritadopassaquatro.sp.gov.br\/portal\/wp-json\/wp\/v2\/types\/post"}],"author":[{"embeddable":true,"href":"https:\/\/www.santaritadopassaquatro.sp.gov.br\/portal\/wp-json\/wp\/v2\/users\/1"}],"replies":[{"embeddable":true,"href":"https:\/\/www.santaritadopassaquatro.sp.gov.br\/portal\/wp-json\/wp\/v2\/comments?post=11647"}],"version-history":[{"count":1,"href":"https:\/\/www.santaritadopassaquatro.sp.gov.br\/portal\/wp-json\/wp\/v2\/posts\/11647\/revisions"}],"predecessor-version":[{"id":11649,"href":"https:\/\/www.santaritadopassaquatro.sp.gov.br\/portal\/wp-json\/wp\/v2\/posts\/11647\/revisions\/11649"}],"wp:featuredmedia":[{"embeddable":true,"href":"https:\/\/www.santaritadopassaquatro.sp.gov.br\/portal\/wp-json\/wp\/v2\/media\/11648"}],"wp:attachment":[{"href":"https:\/\/www.santaritadopassaquatro.sp.gov.br\/portal\/wp-json\/wp\/v2\/media?parent=11647"}],"wp:term":[{"taxonomy":"category","embeddable":true,"href":"https:\/\/www.santaritadopassaquatro.sp.gov.br\/portal\/wp-json\/wp\/v2\/categories?post=11647"},{"taxonomy":"post_tag","embeddable":true,"href":"https:\/\/www.santaritadopassaquatro.sp.gov.br\/portal\/wp-json\/wp\/v2\/tags?post=11647"}],"curies":[{"name":"wp","href":"https:\/\/api.w.org\/{rel}","templated":true}]}}