{"id":11651,"date":"2025-03-14T16:34:53","date_gmt":"2025-03-14T19:34:53","guid":{"rendered":"https:\/\/www.santaritadopassaquatro.sp.gov.br\/portal\/?p=11651"},"modified":"2025-03-14T16:34:55","modified_gmt":"2025-03-14T19:34:55","slug":"%f0%9f%92%9c%f0%9f%8e%b6-celebracao-do-dia-internacional-da-mulher-no-cci-2025","status":"publish","type":"post","link":"https:\/\/www.santaritadopassaquatro.sp.gov.br\/portal\/%f0%9f%92%9c%f0%9f%8e%b6-celebracao-do-dia-internacional-da-mulher-no-cci-2025\/","title":{"rendered":"\ud83d\udc9c\ud83c\udfb6 Celebra\u00e7\u00e3o do Dia Internacional da Mulher no CCI 2025!"},"content":{"rendered":"\n<p>Nesta quarta-feira (12\/03), realizamos um evento especial no Centro Cultural M\u00e1rio Covas para homenagear todas as mulheres do Centro de Conviv\u00eancia dos Idosos (CCI), celebrando sua for\u00e7a, trajet\u00f3ria e import\u00e2ncia! \ud83c\udf37\u2728<br>O dia contou com um bate-papo enriquecedor com o Dr. George Papa, que trouxe orienta\u00e7\u00f5es sobre a sa\u00fade do idoso e tirou d\u00favidas do p\u00fablico. Al\u00e9m disso, tivemos uma emocionante apresenta\u00e7\u00e3o da Casa da Banda Maestro Prof. Oct\u00e1vio Bueno de Camargo, resgatando a tradi\u00e7\u00e3o musical e encantando a todos! \ud83c\udfb5\ud83c\udfba<br>A professora Lauriene Rita Pais, respons\u00e1vel pela apresenta\u00e7\u00e3o, tamb\u00e9m fez uso da palavra para relembrar a hist\u00f3ria viva da banda e seu impacto na cultura local.<br>\ud83d\udc4f Agradecemos a todos os participantes e envolvidos na organiza\u00e7\u00e3o desse evento especial. Foi um momento de troca, aprendizado e reconhecimento da import\u00e2ncia das mulheres em nossa sociedade!<br>\ud83d\udcf8 Confira os registros desse dia inesquec\u00edvel!<\/p>\n\n\n\n<figure class=\"wp-block-gallery has-nested-images columns-default is-cropped wp-block-gallery-1 is-layout-flex wp-block-gallery-is-layout-flex\">\n<figure class=\"wp-block-image size-large\"><img decoding=\"async\" width=\"2048\" height=\"2560\" data-id=\"11653\" src=\"https:\/\/www.santaritadopassaquatro.sp.gov.br\/portal\/wp-content\/uploads\/2025\/03\/WhatsApp-Image-2025-03-13-at-16.33.33.jpeg\" alt=\"\" class=\"wp-image-11653\"\/><\/figure>\n\n\n\n<figure class=\"wp-block-image size-large\"><img decoding=\"async\" width=\"2048\" height=\"2560\" data-id=\"11654\" src=\"https:\/\/www.santaritadopassaquatro.sp.gov.br\/portal\/wp-content\/uploads\/2025\/03\/WhatsApp-Image-2025-03-13-at-16.33.34-1.jpeg\" alt=\"\" class=\"wp-image-11654\"\/><\/figure>\n\n\n\n<figure class=\"wp-block-image size-large\"><img decoding=\"async\" width=\"2048\" height=\"2560\" data-id=\"11656\" src=\"https:\/\/www.santaritadopassaquatro.sp.gov.br\/portal\/wp-content\/uploads\/2025\/03\/WhatsApp-Image-2025-03-13-at-16.33.34-2.jpeg\" alt=\"\" class=\"wp-image-11656\"\/><\/figure>\n\n\n\n<figure class=\"wp-block-image size-large\"><img decoding=\"async\" width=\"2048\" height=\"2560\" data-id=\"11655\" src=\"https:\/\/www.santaritadopassaquatro.sp.gov.br\/portal\/wp-content\/uploads\/2025\/03\/WhatsApp-Image-2025-03-13-at-16.33.34.jpeg\" alt=\"\" class=\"wp-image-11655\"\/><\/figure>\n<\/figure>\n","protected":false},"excerpt":{"rendered":"<p>Nesta quarta-feira (12\/03), realizamos um evento especial no Centro Cultural M\u00e1rio Covas para homenagear todas as mulheres do Centro de<\/p>\n","protected":false},"author":1,"featured_media":11652,"comment_status":"closed","ping_status":"open","sticky":false,"template":"","format":"standard","meta":{"footnotes":""},"categories":[46],"tags":[],"class_list":["post-11651","post","type-post","status-publish","format-standard","has-post-thumbnail","hentry","category-cultura"],"_links":{"self":[{"href":"https:\/\/www.santaritadopassaquatro.sp.gov.br\/portal\/wp-json\/wp\/v2\/posts\/11651","targetHints":{"allow":["GET"]}}],"collection":[{"href":"https:\/\/www.santaritadopassaquatro.sp.gov.br\/portal\/wp-json\/wp\/v2\/posts"}],"about":[{"href":"https:\/\/www.santaritadopassaquatro.sp.gov.br\/portal\/wp-json\/wp\/v2\/types\/post"}],"author":[{"embeddable":true,"href":"https:\/\/www.santaritadopassaquatro.sp.gov.br\/portal\/wp-json\/wp\/v2\/users\/1"}],"replies":[{"embeddable":true,"href":"https:\/\/www.santaritadopassaquatro.sp.gov.br\/portal\/wp-json\/wp\/v2\/comments?post=11651"}],"version-history":[{"count":1,"href":"https:\/\/www.santaritadopassaquatro.sp.gov.br\/portal\/wp-json\/wp\/v2\/posts\/11651\/revisions"}],"predecessor-version":[{"id":11657,"href":"https:\/\/www.santaritadopassaquatro.sp.gov.br\/portal\/wp-json\/wp\/v2\/posts\/11651\/revisions\/11657"}],"wp:featuredmedia":[{"embeddable":true,"href":"https:\/\/www.santaritadopassaquatro.sp.gov.br\/portal\/wp-json\/wp\/v2\/media\/11652"}],"wp:attachment":[{"href":"https:\/\/www.santaritadopassaquatro.sp.gov.br\/portal\/wp-json\/wp\/v2\/media?parent=11651"}],"wp:term":[{"taxonomy":"category","embeddable":true,"href":"https:\/\/www.santaritadopassaquatro.sp.gov.br\/portal\/wp-json\/wp\/v2\/categories?post=11651"},{"taxonomy":"post_tag","embeddable":true,"href":"https:\/\/www.santaritadopassaquatro.sp.gov.br\/portal\/wp-json\/wp\/v2\/tags?post=11651"}],"curies":[{"name":"wp","href":"https:\/\/api.w.org\/{rel}","templated":true}]}}