{"id":11668,"date":"2025-03-19T15:01:48","date_gmt":"2025-03-19T18:01:48","guid":{"rendered":"https:\/\/www.santaritadopassaquatro.sp.gov.br\/portal\/?p=11668"},"modified":"2025-03-19T15:01:50","modified_gmt":"2025-03-19T18:01:50","slug":"%f0%9f%92%9c-mes-da-mulher-reflexao-e-cuidado-em-santa-rita-do-passa-quatro-%f0%9f%92%9c","status":"publish","type":"post","link":"https:\/\/www.santaritadopassaquatro.sp.gov.br\/portal\/%f0%9f%92%9c-mes-da-mulher-reflexao-e-cuidado-em-santa-rita-do-passa-quatro-%f0%9f%92%9c\/","title":{"rendered":"\ud83d\udc9c M\u00eas da Mulher: Reflex\u00e3o e Cuidado em Santa Rita do Passa Quatro \ud83d\udc9c"},"content":{"rendered":"\n<p>Na \u00faltima quinta-feira (13\/03), o Departamento Municipal de Assist\u00eancia Social, por meio do CRAS (Centro de Refer\u00eancia de Assist\u00eancia Social), realizou uma a\u00e7\u00e3o especial em celebra\u00e7\u00e3o ao M\u00eas da Mulher, promovendo uma roda de conversa sobre a sa\u00fade mental e f\u00edsica da mulher.<\/p>\n\n\n\n<p>Com a participa\u00e7\u00e3o das palestrantes \u00c9rica Santiago Sousa, Carla Duarte e Jack Theodoro, em parceria com o Departamento Municipal de Sa\u00fade e Hospital Estadual Santa Rita (CAIS), a atividade fomentou o debate sobre autoestima, bem-estar e cuidados pessoais, valorizando as viv\u00eancias de cada mulher.<\/p>\n\n\n\n<p>\ud83c\udf3f Durante o encontro, tamb\u00e9m foi apresentado o novo grupo de mulheres do Servi\u00e7o de Conviv\u00eancia e Fortalecimento de V\u00ednculos (SCFV) e abordado o tema do Mar\u00e7o Lil\u00e1s, refor\u00e7ando a conscientiza\u00e7\u00e3o sobre a preven\u00e7\u00e3o do c\u00e2ncer do colo do \u00fatero.<\/p>\n\n\n\n<p>\ud83d\udc85\u2728 Para encerrar com ainda mais carinho, as participantes puderam concorrer a um dia especial de beleza, com atendimentos oferecidos por profissionais volunt\u00e1rios, incluindo esmalta\u00e7\u00e3o, sobrancelha, maquiagem e reflexoterapia podal.<\/p>\n\n\n\n<figure class=\"wp-block-image size-full\"><img decoding=\"async\" width=\"2048\" height=\"2560\" src=\"https:\/\/www.santaritadopassaquatro.sp.gov.br\/portal\/wp-content\/uploads\/2025\/03\/a2a22063-bd37-4429-96ef-00d084b15422.jpg\" alt=\"\" class=\"wp-image-11670\"\/><\/figure>\n","protected":false},"excerpt":{"rendered":"<p>Na \u00faltima quinta-feira (13\/03), o Departamento Municipal de Assist\u00eancia Social, por meio do CRAS (Centro de Refer\u00eancia de Assist\u00eancia Social),<\/p>\n","protected":false},"author":1,"featured_media":11669,"comment_status":"closed","ping_status":"open","sticky":false,"template":"","format":"standard","meta":{"footnotes":""},"categories":[43],"tags":[],"class_list":["post-11668","post","type-post","status-publish","format-standard","has-post-thumbnail","hentry","category-assistenciasocial"],"_links":{"self":[{"href":"https:\/\/www.santaritadopassaquatro.sp.gov.br\/portal\/wp-json\/wp\/v2\/posts\/11668","targetHints":{"allow":["GET"]}}],"collection":[{"href":"https:\/\/www.santaritadopassaquatro.sp.gov.br\/portal\/wp-json\/wp\/v2\/posts"}],"about":[{"href":"https:\/\/www.santaritadopassaquatro.sp.gov.br\/portal\/wp-json\/wp\/v2\/types\/post"}],"author":[{"embeddable":true,"href":"https:\/\/www.santaritadopassaquatro.sp.gov.br\/portal\/wp-json\/wp\/v2\/users\/1"}],"replies":[{"embeddable":true,"href":"https:\/\/www.santaritadopassaquatro.sp.gov.br\/portal\/wp-json\/wp\/v2\/comments?post=11668"}],"version-history":[{"count":1,"href":"https:\/\/www.santaritadopassaquatro.sp.gov.br\/portal\/wp-json\/wp\/v2\/posts\/11668\/revisions"}],"predecessor-version":[{"id":11671,"href":"https:\/\/www.santaritadopassaquatro.sp.gov.br\/portal\/wp-json\/wp\/v2\/posts\/11668\/revisions\/11671"}],"wp:featuredmedia":[{"embeddable":true,"href":"https:\/\/www.santaritadopassaquatro.sp.gov.br\/portal\/wp-json\/wp\/v2\/media\/11669"}],"wp:attachment":[{"href":"https:\/\/www.santaritadopassaquatro.sp.gov.br\/portal\/wp-json\/wp\/v2\/media?parent=11668"}],"wp:term":[{"taxonomy":"category","embeddable":true,"href":"https:\/\/www.santaritadopassaquatro.sp.gov.br\/portal\/wp-json\/wp\/v2\/categories?post=11668"},{"taxonomy":"post_tag","embeddable":true,"href":"https:\/\/www.santaritadopassaquatro.sp.gov.br\/portal\/wp-json\/wp\/v2\/tags?post=11668"}],"curies":[{"name":"wp","href":"https:\/\/api.w.org\/{rel}","templated":true}]}}