{"id":11672,"date":"2025-03-19T15:05:06","date_gmt":"2025-03-19T18:05:06","guid":{"rendered":"https:\/\/www.santaritadopassaquatro.sp.gov.br\/portal\/?p=11672"},"modified":"2025-03-19T15:05:07","modified_gmt":"2025-03-19T18:05:07","slug":"%f0%9f%93%8d-recepcao-no-gabinete-do-prefeito-marcelo-simao","status":"publish","type":"post","link":"https:\/\/www.santaritadopassaquatro.sp.gov.br\/portal\/%f0%9f%93%8d-recepcao-no-gabinete-do-prefeito-marcelo-simao\/","title":{"rendered":"\ud83d\udccd Recep\u00e7\u00e3o no Gabinete do Prefeito Marcelo Sim\u00e3o"},"content":{"rendered":"\n<p>Na \u00faltima sexta-feira (14\/03), o Prefeito Marcelo Sim\u00e3o, acompanhado do Vereador Dr. F\u00e1bio Gusman Palhares e do Assessor de Gabinete Pedro Lolli, recebeu os Assessores da Deputada Federal Carla Zambelli, Wemerson Silva e Camilo Calandrelli.<\/p>\n\n\n\n<p>\ud83e\udd1d Durante o encontro, foram apresentadas solicita\u00e7\u00f5es de recursos e investimentos para Santa Rita do Passa Quatro, refor\u00e7ando o compromisso da gest\u00e3o municipal em buscar melhorias para nossa Cidade Poema.<\/p>\n\n\n\n<p>Seguimos trabalhando pelo desenvolvimento do nosso munic\u00edpio! \ud83d\ude80<\/p>\n\n\n\n<figure class=\"wp-block-image size-full\"><img decoding=\"async\" width=\"2048\" height=\"2560\" src=\"https:\/\/www.santaritadopassaquatro.sp.gov.br\/portal\/wp-content\/uploads\/2025\/03\/91772910-9a4c-4053-8454-4dd7315faa96.jpg\" alt=\"\" class=\"wp-image-11674\"\/><\/figure>\n","protected":false},"excerpt":{"rendered":"<p>Na \u00faltima sexta-feira (14\/03), o Prefeito Marcelo Sim\u00e3o, acompanhado do Vereador Dr. F\u00e1bio Gusman Palhares e do Assessor de Gabinete<\/p>\n","protected":false},"author":1,"featured_media":11673,"comment_status":"closed","ping_status":"open","sticky":false,"template":"","format":"standard","meta":{"footnotes":""},"categories":[47],"tags":[],"class_list":["post-11672","post","type-post","status-publish","format-standard","has-post-thumbnail","hentry","category-desenvovimento"],"_links":{"self":[{"href":"https:\/\/www.santaritadopassaquatro.sp.gov.br\/portal\/wp-json\/wp\/v2\/posts\/11672","targetHints":{"allow":["GET"]}}],"collection":[{"href":"https:\/\/www.santaritadopassaquatro.sp.gov.br\/portal\/wp-json\/wp\/v2\/posts"}],"about":[{"href":"https:\/\/www.santaritadopassaquatro.sp.gov.br\/portal\/wp-json\/wp\/v2\/types\/post"}],"author":[{"embeddable":true,"href":"https:\/\/www.santaritadopassaquatro.sp.gov.br\/portal\/wp-json\/wp\/v2\/users\/1"}],"replies":[{"embeddable":true,"href":"https:\/\/www.santaritadopassaquatro.sp.gov.br\/portal\/wp-json\/wp\/v2\/comments?post=11672"}],"version-history":[{"count":1,"href":"https:\/\/www.santaritadopassaquatro.sp.gov.br\/portal\/wp-json\/wp\/v2\/posts\/11672\/revisions"}],"predecessor-version":[{"id":11675,"href":"https:\/\/www.santaritadopassaquatro.sp.gov.br\/portal\/wp-json\/wp\/v2\/posts\/11672\/revisions\/11675"}],"wp:featuredmedia":[{"embeddable":true,"href":"https:\/\/www.santaritadopassaquatro.sp.gov.br\/portal\/wp-json\/wp\/v2\/media\/11673"}],"wp:attachment":[{"href":"https:\/\/www.santaritadopassaquatro.sp.gov.br\/portal\/wp-json\/wp\/v2\/media?parent=11672"}],"wp:term":[{"taxonomy":"category","embeddable":true,"href":"https:\/\/www.santaritadopassaquatro.sp.gov.br\/portal\/wp-json\/wp\/v2\/categories?post=11672"},{"taxonomy":"post_tag","embeddable":true,"href":"https:\/\/www.santaritadopassaquatro.sp.gov.br\/portal\/wp-json\/wp\/v2\/tags?post=11672"}],"curies":[{"name":"wp","href":"https:\/\/api.w.org\/{rel}","templated":true}]}}