{"id":11693,"date":"2025-03-21T15:29:57","date_gmt":"2025-03-21T18:29:57","guid":{"rendered":"https:\/\/www.santaritadopassaquatro.sp.gov.br\/portal\/?p=11693"},"modified":"2025-03-21T15:30:51","modified_gmt":"2025-03-21T18:30:51","slug":"%f0%9f%9a%a8-santa-rita-do-passa-quatro-intensifica-acoes-contra-a-dengue-%f0%9f%9a%a8","status":"publish","type":"post","link":"https:\/\/www.santaritadopassaquatro.sp.gov.br\/portal\/%f0%9f%9a%a8-santa-rita-do-passa-quatro-intensifica-acoes-contra-a-dengue-%f0%9f%9a%a8\/","title":{"rendered":"\ud83d\udea8 Santa Rita do Passa Quatro intensifica a\u00e7\u00f5es contra a Dengue! \ud83d\udea8"},"content":{"rendered":"\n<p>Na manh\u00e3 desta quarta-feira (19\/03), a Prefeitura Municipal sediou a Sala de Situa\u00e7\u00e3o de Enfrentamento \u00e0 Dengue, no Centro Cultural e Museu Jos\u00e9 Spadon (Antiga Delegacia). O encontro foi conduzido pela DRS XIII \u2013 Dire\u00e7\u00e3o Regional de Sa\u00fade de Ribeir\u00e3o Preto e contou com a presen\u00e7a do Prefeito Marcelo Sim\u00e3o, da Vice-Prefeita Ariana Jamus Pupo, da Diretora Municipal de Sa\u00fade Andrea Estevam e da Diretora da DRS XIII, Adriana Ruzene, al\u00e9m de t\u00e9cnicos especializados para o alinhamento das estrat\u00e9gias.<br>\ud83d\udccc A reuni\u00e3o foi uma importante aproxima\u00e7\u00e3o das estrat\u00e9gias j\u00e1 realizadas no munic\u00edpio, refor\u00e7ando o compromisso com o di\u00e1logo constante para a melhoria dos servi\u00e7os prestados \u00e0 popula\u00e7\u00e3o.<br>\u2714\ufe0f Informe epidemiol\u00f3gico das arboviroses<br>\u2714\ufe0f Alinhamento de a\u00e7\u00f5es e protocolos de manejo cl\u00ednico<br>\u2714\ufe0f Articula\u00e7\u00e3o da Aten\u00e7\u00e3o B\u00e1sica<br>\u2714\ufe0f Capacita\u00e7\u00e3o de manejo cl\u00ednico com destaque para o munic\u00edpio<br>\u2714\ufe0f Plano de conting\u00eancia para enfrentamento da dengue<br>Tamb\u00e9m estiveram presentes representantes de diversos setores e departamentos da Prefeitura, colaboradores das unidades de sa\u00fade do munic\u00edpio, da UPA, da Santa Casa e representantes da sociedade civil, fortalecendo a uni\u00e3o de esfor\u00e7os no combate \u00e0 dengue.<br>\ud83d\udcaa A Prefeitura segue firme no compromisso de proteger nossa popula\u00e7\u00e3o. Fa\u00e7a sua parte: elimine focos do mosquito! \ud83d\udeab\ud83e\udd9f<\/p>\n\n\n\n<figure class=\"wp-block-gallery has-nested-images columns-default is-cropped wp-block-gallery-1 is-layout-flex wp-block-gallery-is-layout-flex\">\n<figure class=\"wp-block-image size-large\"><img decoding=\"async\" width=\"2048\" height=\"2560\" data-id=\"11699\" src=\"https:\/\/www.santaritadopassaquatro.sp.gov.br\/portal\/wp-content\/uploads\/2025\/03\/WhatsApp-Image-2025-03-20-at-14.40.13-1.jpeg\" alt=\"\" class=\"wp-image-11699\"\/><\/figure>\n\n\n\n<figure class=\"wp-block-image size-large\"><img decoding=\"async\" width=\"2048\" height=\"2560\" data-id=\"11698\" src=\"https:\/\/www.santaritadopassaquatro.sp.gov.br\/portal\/wp-content\/uploads\/2025\/03\/WhatsApp-Image-2025-03-20-at-14.40.13.jpeg\" alt=\"\" class=\"wp-image-11698\"\/><\/figure>\n\n\n\n<figure class=\"wp-block-image size-large\"><img decoding=\"async\" width=\"2048\" height=\"2560\" data-id=\"11696\" src=\"https:\/\/www.santaritadopassaquatro.sp.gov.br\/portal\/wp-content\/uploads\/2025\/03\/WhatsApp-Image-2025-03-20-at-14.40.14-1.jpeg\" alt=\"\" class=\"wp-image-11696\"\/><\/figure>\n\n\n\n<figure class=\"wp-block-image size-large\"><img decoding=\"async\" width=\"2048\" height=\"2560\" data-id=\"11697\" src=\"https:\/\/www.santaritadopassaquatro.sp.gov.br\/portal\/wp-content\/uploads\/2025\/03\/WhatsApp-Image-2025-03-20-at-14.40.14.jpeg\" alt=\"\" class=\"wp-image-11697\"\/><\/figure>\n<\/figure>\n","protected":false},"excerpt":{"rendered":"<p>Na manh\u00e3 desta quarta-feira (19\/03), a Prefeitura Municipal sediou a Sala de Situa\u00e7\u00e3o de Enfrentamento \u00e0 Dengue, no Centro Cultural<\/p>\n","protected":false},"author":1,"featured_media":11694,"comment_status":"closed","ping_status":"open","sticky":false,"template":"","format":"standard","meta":{"footnotes":""},"categories":[58],"tags":[],"class_list":["post-11693","post","type-post","status-publish","format-standard","has-post-thumbnail","hentry","category-health"],"_links":{"self":[{"href":"https:\/\/www.santaritadopassaquatro.sp.gov.br\/portal\/wp-json\/wp\/v2\/posts\/11693","targetHints":{"allow":["GET"]}}],"collection":[{"href":"https:\/\/www.santaritadopassaquatro.sp.gov.br\/portal\/wp-json\/wp\/v2\/posts"}],"about":[{"href":"https:\/\/www.santaritadopassaquatro.sp.gov.br\/portal\/wp-json\/wp\/v2\/types\/post"}],"author":[{"embeddable":true,"href":"https:\/\/www.santaritadopassaquatro.sp.gov.br\/portal\/wp-json\/wp\/v2\/users\/1"}],"replies":[{"embeddable":true,"href":"https:\/\/www.santaritadopassaquatro.sp.gov.br\/portal\/wp-json\/wp\/v2\/comments?post=11693"}],"version-history":[{"count":3,"href":"https:\/\/www.santaritadopassaquatro.sp.gov.br\/portal\/wp-json\/wp\/v2\/posts\/11693\/revisions"}],"predecessor-version":[{"id":11701,"href":"https:\/\/www.santaritadopassaquatro.sp.gov.br\/portal\/wp-json\/wp\/v2\/posts\/11693\/revisions\/11701"}],"wp:featuredmedia":[{"embeddable":true,"href":"https:\/\/www.santaritadopassaquatro.sp.gov.br\/portal\/wp-json\/wp\/v2\/media\/11694"}],"wp:attachment":[{"href":"https:\/\/www.santaritadopassaquatro.sp.gov.br\/portal\/wp-json\/wp\/v2\/media?parent=11693"}],"wp:term":[{"taxonomy":"category","embeddable":true,"href":"https:\/\/www.santaritadopassaquatro.sp.gov.br\/portal\/wp-json\/wp\/v2\/categories?post=11693"},{"taxonomy":"post_tag","embeddable":true,"href":"https:\/\/www.santaritadopassaquatro.sp.gov.br\/portal\/wp-json\/wp\/v2\/tags?post=11693"}],"curies":[{"name":"wp","href":"https:\/\/api.w.org\/{rel}","templated":true}]}}