{"id":11702,"date":"2025-03-21T15:32:44","date_gmt":"2025-03-21T18:32:44","guid":{"rendered":"https:\/\/www.santaritadopassaquatro.sp.gov.br\/portal\/?p=11702"},"modified":"2025-03-21T15:32:55","modified_gmt":"2025-03-21T18:32:55","slug":"%f0%9f%9a%82%e2%9c%a8-sucesso-no-pre-evento-do-vii-encontro-de-ferreomodelismo-%e2%9c%a8%f0%9f%9a%82","status":"publish","type":"post","link":"https:\/\/www.santaritadopassaquatro.sp.gov.br\/portal\/%f0%9f%9a%82%e2%9c%a8-sucesso-no-pre-evento-do-vii-encontro-de-ferreomodelismo-%e2%9c%a8%f0%9f%9a%82\/","title":{"rendered":"\ud83d\ude82\u2728 Sucesso no Pr\u00e9-Evento do VII Encontro de Ferreomodelismo! \u2728\ud83d\ude82"},"content":{"rendered":"\n<p>No \u00faltimo s\u00e1bado (15\/03), a Feira do Produtor foi palco de um evento inesquec\u00edvel, que encantou crian\u00e7as, fam\u00edlias e apaixonados por ferrovias! As incr\u00edveis maquetes de ferromodelismo transportaram a todos para a era dos trens da Companhia Paulista, revivendo mem\u00f3rias e refor\u00e7ando nossa hist\u00f3ria.<br>Al\u00e9m da exposi\u00e7\u00e3o de maquetes organizada pela Associa\u00e7\u00e3o de Ferreomodelismo de Santa Rita, o evento contou com uma bel\u00edssima exposi\u00e7\u00e3o de carros antigos do grupo Cl\u00e1ssicos Man\u00edacos, trazendo ainda mais charme e nostalgia \u00e0 Pra\u00e7a Zequinha de Abreu.<br>\ud83c\udfb6\ud83d\udcda A programa\u00e7\u00e3o especial tamb\u00e9m teve:<br>\ud83d\udcda Feira de Troca e Doa\u00e7\u00e3o de Livros<br>\ud83c\udfb5 Grupo SRP4 animando a manh\u00e3<br>\ud83c\udfba Banda Musical Zequinha de Abreu fechando com chave de ouro<br>Agradecemos a todos que prestigiaram esse momento incr\u00edvel! \ud83d\ude4c E fiquem ligados, pois nos dias 12 e 13 de abril tem mais: o VII Encontro de Ferreomodelismo na Pra\u00e7a da Esta\u00e7\u00e3o promete ainda mais emo\u00e7\u00f5es!<br>\ud83d\udcf8 Confira alguns registros!<\/p>\n\n\n\n<p><\/p>\n\n\n\n<figure class=\"wp-block-gallery has-nested-images columns-default is-cropped wp-block-gallery-1 is-layout-flex wp-block-gallery-is-layout-flex\">\n<figure class=\"wp-block-image size-large\"><img decoding=\"async\" width=\"2048\" height=\"2560\" data-id=\"11705\" src=\"https:\/\/www.santaritadopassaquatro.sp.gov.br\/portal\/wp-content\/uploads\/2025\/03\/WhatsApp-Image-2025-03-20-at-15.16.21-1.jpeg\" alt=\"\" class=\"wp-image-11705\"\/><\/figure>\n\n\n\n<figure class=\"wp-block-image size-large\"><img decoding=\"async\" width=\"2048\" height=\"2560\" data-id=\"11704\" src=\"https:\/\/www.santaritadopassaquatro.sp.gov.br\/portal\/wp-content\/uploads\/2025\/03\/WhatsApp-Image-2025-03-20-at-15.16.21-2.jpeg\" alt=\"\" class=\"wp-image-11704\"\/><\/figure>\n\n\n\n<figure class=\"wp-block-image size-large\"><img decoding=\"async\" width=\"2048\" height=\"2560\" data-id=\"11708\" src=\"https:\/\/www.santaritadopassaquatro.sp.gov.br\/portal\/wp-content\/uploads\/2025\/03\/WhatsApp-Image-2025-03-20-at-15.16.21-3.jpeg\" alt=\"\" class=\"wp-image-11708\"\/><\/figure>\n\n\n\n<figure class=\"wp-block-image size-large\"><img decoding=\"async\" width=\"2048\" height=\"2560\" data-id=\"11709\" src=\"https:\/\/www.santaritadopassaquatro.sp.gov.br\/portal\/wp-content\/uploads\/2025\/03\/WhatsApp-Image-2025-03-20-at-15.16.21.jpeg\" alt=\"\" class=\"wp-image-11709\"\/><\/figure>\n\n\n\n<figure class=\"wp-block-image size-large\"><img decoding=\"async\" width=\"2048\" height=\"2560\" data-id=\"11707\" src=\"https:\/\/www.santaritadopassaquatro.sp.gov.br\/portal\/wp-content\/uploads\/2025\/03\/WhatsApp-Image-2025-03-20-at-15.16.22-1-1.jpeg\" alt=\"\" class=\"wp-image-11707\"\/><\/figure>\n\n\n\n<figure class=\"wp-block-image size-full\"><img decoding=\"async\" width=\"2048\" height=\"2560\" data-id=\"11711\" src=\"https:\/\/www.santaritadopassaquatro.sp.gov.br\/portal\/wp-content\/uploads\/2025\/03\/WhatsApp-Image-2025-03-20-at-15.16.22-2.jpeg\" alt=\"\" class=\"wp-image-11711\"\/><\/figure>\n\n\n\n<figure class=\"wp-block-image size-large\"><img decoding=\"async\" width=\"2048\" height=\"2560\" data-id=\"11706\" src=\"https:\/\/www.santaritadopassaquatro.sp.gov.br\/portal\/wp-content\/uploads\/2025\/03\/WhatsApp-Image-2025-03-20-at-15.16.22-1.jpeg\" alt=\"\" class=\"wp-image-11706\"\/><\/figure>\n<\/figure>\n","protected":false},"excerpt":{"rendered":"<p>No \u00faltimo s\u00e1bado (15\/03), a Feira do Produtor foi palco de um evento inesquec\u00edvel, que encantou crian\u00e7as, fam\u00edlias e apaixonados<\/p>\n","protected":false},"author":1,"featured_media":11703,"comment_status":"closed","ping_status":"open","sticky":false,"template":"","format":"standard","meta":{"footnotes":""},"categories":[46],"tags":[],"class_list":["post-11702","post","type-post","status-publish","format-standard","has-post-thumbnail","hentry","category-cultura"],"_links":{"self":[{"href":"https:\/\/www.santaritadopassaquatro.sp.gov.br\/portal\/wp-json\/wp\/v2\/posts\/11702","targetHints":{"allow":["GET"]}}],"collection":[{"href":"https:\/\/www.santaritadopassaquatro.sp.gov.br\/portal\/wp-json\/wp\/v2\/posts"}],"about":[{"href":"https:\/\/www.santaritadopassaquatro.sp.gov.br\/portal\/wp-json\/wp\/v2\/types\/post"}],"author":[{"embeddable":true,"href":"https:\/\/www.santaritadopassaquatro.sp.gov.br\/portal\/wp-json\/wp\/v2\/users\/1"}],"replies":[{"embeddable":true,"href":"https:\/\/www.santaritadopassaquatro.sp.gov.br\/portal\/wp-json\/wp\/v2\/comments?post=11702"}],"version-history":[{"count":2,"href":"https:\/\/www.santaritadopassaquatro.sp.gov.br\/portal\/wp-json\/wp\/v2\/posts\/11702\/revisions"}],"predecessor-version":[{"id":11712,"href":"https:\/\/www.santaritadopassaquatro.sp.gov.br\/portal\/wp-json\/wp\/v2\/posts\/11702\/revisions\/11712"}],"wp:featuredmedia":[{"embeddable":true,"href":"https:\/\/www.santaritadopassaquatro.sp.gov.br\/portal\/wp-json\/wp\/v2\/media\/11703"}],"wp:attachment":[{"href":"https:\/\/www.santaritadopassaquatro.sp.gov.br\/portal\/wp-json\/wp\/v2\/media?parent=11702"}],"wp:term":[{"taxonomy":"category","embeddable":true,"href":"https:\/\/www.santaritadopassaquatro.sp.gov.br\/portal\/wp-json\/wp\/v2\/categories?post=11702"},{"taxonomy":"post_tag","embeddable":true,"href":"https:\/\/www.santaritadopassaquatro.sp.gov.br\/portal\/wp-json\/wp\/v2\/tags?post=11702"}],"curies":[{"name":"wp","href":"https:\/\/api.w.org\/{rel}","templated":true}]}}