{"id":11713,"date":"2025-03-21T15:34:45","date_gmt":"2025-03-21T18:34:45","guid":{"rendered":"https:\/\/www.santaritadopassaquatro.sp.gov.br\/portal\/?p=11713"},"modified":"2025-03-21T15:34:47","modified_gmt":"2025-03-21T18:34:47","slug":"%f0%9f%92%9c-celebracao-especial-do-mes-da-mulher-para-as-bolsistas-da-frente-de-trabalho-%f0%9f%92%9c","status":"publish","type":"post","link":"https:\/\/www.santaritadopassaquatro.sp.gov.br\/portal\/%f0%9f%92%9c-celebracao-especial-do-mes-da-mulher-para-as-bolsistas-da-frente-de-trabalho-%f0%9f%92%9c\/","title":{"rendered":"\ud83d\udc9c Celebra\u00e7\u00e3o Especial do M\u00eas da Mulher para as Bolsistas da Frente de Trabalho! \ud83d\udc9c"},"content":{"rendered":"\n<p>Na \u00faltima sexta-feira (14\/03), o Fundo Social de Solidariedade recebeu com carinho as mulheres da Frente de Trabalho para uma celebra\u00e7\u00e3o especial em homenagem ao M\u00eas da Mulher. \u2728<br>O evento contou com a inspiradora palestra de Isabela Scarabel, que trouxe reflex\u00f5es sobre autoestima e a import\u00e2ncia do autocuidado na jornada de cada mulher. Foi um momento de acolhimento, empoderamento e valoriza\u00e7\u00e3o, refor\u00e7ando o papel fundamental que cada uma desempenha em nossa sociedade.<br>Essa a\u00e7\u00e3o foi poss\u00edvel gra\u00e7as \u00e0 parceria entre o Departamento de Assist\u00eancia Social e o Fundo Social de Solidariedade, que seguem trabalhando juntos para oferecer apoio e oportunidades \u00e0s nossas mulheres.<br>\ud83d\udc4f Parab\u00e9ns a todas que participaram desse encontro especial!<br>\ud83d\udcf8 Confira alguns registros!<\/p>\n\n\n\n<figure class=\"wp-block-gallery has-nested-images columns-default is-cropped wp-block-gallery-1 is-layout-flex wp-block-gallery-is-layout-flex\">\n<figure class=\"wp-block-image size-large\"><img decoding=\"async\" width=\"2047\" height=\"2560\" data-id=\"11717\" src=\"https:\/\/www.santaritadopassaquatro.sp.gov.br\/portal\/wp-content\/uploads\/2025\/03\/WhatsApp-Image-2025-03-20-at-16.13.36-1.jpeg\" alt=\"\" class=\"wp-image-11717\"\/><\/figure>\n\n\n\n<figure class=\"wp-block-image size-large\"><img decoding=\"async\" width=\"2047\" height=\"2560\" data-id=\"11715\" src=\"https:\/\/www.santaritadopassaquatro.sp.gov.br\/portal\/wp-content\/uploads\/2025\/03\/WhatsApp-Image-2025-03-20-at-16.13.37-1.jpeg\" alt=\"\" class=\"wp-image-11715\"\/><\/figure>\n\n\n\n<figure class=\"wp-block-image size-large\"><img decoding=\"async\" width=\"2047\" height=\"2560\" data-id=\"11718\" src=\"https:\/\/www.santaritadopassaquatro.sp.gov.br\/portal\/wp-content\/uploads\/2025\/03\/WhatsApp-Image-2025-03-20-at-16.13.37-2.jpeg\" alt=\"\" class=\"wp-image-11718\"\/><\/figure>\n\n\n\n<figure class=\"wp-block-image size-large\"><img decoding=\"async\" width=\"2047\" height=\"2560\" data-id=\"11716\" src=\"https:\/\/www.santaritadopassaquatro.sp.gov.br\/portal\/wp-content\/uploads\/2025\/03\/WhatsApp-Image-2025-03-20-at-16.13.37-3.jpeg\" alt=\"\" class=\"wp-image-11716\"\/><\/figure>\n\n\n\n<figure class=\"wp-block-image size-large\"><img decoding=\"async\" width=\"2047\" height=\"2560\" data-id=\"11719\" src=\"https:\/\/www.santaritadopassaquatro.sp.gov.br\/portal\/wp-content\/uploads\/2025\/03\/WhatsApp-Image-2025-03-20-at-16.13.37.jpeg\" alt=\"\" class=\"wp-image-11719\"\/><\/figure>\n\n\n\n<figure class=\"wp-block-image size-large\"><img decoding=\"async\" width=\"2047\" height=\"2560\" data-id=\"11720\" src=\"https:\/\/www.santaritadopassaquatro.sp.gov.br\/portal\/wp-content\/uploads\/2025\/03\/WhatsApp-Image-2025-03-20-at-16.13.38.jpeg\" alt=\"\" class=\"wp-image-11720\"\/><\/figure>\n<\/figure>\n","protected":false},"excerpt":{"rendered":"<p>Na \u00faltima sexta-feira (14\/03), o Fundo Social de Solidariedade recebeu com carinho as mulheres da Frente de Trabalho para uma<\/p>\n","protected":false},"author":1,"featured_media":11714,"comment_status":"closed","ping_status":"open","sticky":false,"template":"","format":"standard","meta":{"footnotes":""},"categories":[62],"tags":[],"class_list":["post-11713","post","type-post","status-publish","format-standard","has-post-thumbnail","hentry","category-fundo-social"],"_links":{"self":[{"href":"https:\/\/www.santaritadopassaquatro.sp.gov.br\/portal\/wp-json\/wp\/v2\/posts\/11713","targetHints":{"allow":["GET"]}}],"collection":[{"href":"https:\/\/www.santaritadopassaquatro.sp.gov.br\/portal\/wp-json\/wp\/v2\/posts"}],"about":[{"href":"https:\/\/www.santaritadopassaquatro.sp.gov.br\/portal\/wp-json\/wp\/v2\/types\/post"}],"author":[{"embeddable":true,"href":"https:\/\/www.santaritadopassaquatro.sp.gov.br\/portal\/wp-json\/wp\/v2\/users\/1"}],"replies":[{"embeddable":true,"href":"https:\/\/www.santaritadopassaquatro.sp.gov.br\/portal\/wp-json\/wp\/v2\/comments?post=11713"}],"version-history":[{"count":1,"href":"https:\/\/www.santaritadopassaquatro.sp.gov.br\/portal\/wp-json\/wp\/v2\/posts\/11713\/revisions"}],"predecessor-version":[{"id":11721,"href":"https:\/\/www.santaritadopassaquatro.sp.gov.br\/portal\/wp-json\/wp\/v2\/posts\/11713\/revisions\/11721"}],"wp:featuredmedia":[{"embeddable":true,"href":"https:\/\/www.santaritadopassaquatro.sp.gov.br\/portal\/wp-json\/wp\/v2\/media\/11714"}],"wp:attachment":[{"href":"https:\/\/www.santaritadopassaquatro.sp.gov.br\/portal\/wp-json\/wp\/v2\/media?parent=11713"}],"wp:term":[{"taxonomy":"category","embeddable":true,"href":"https:\/\/www.santaritadopassaquatro.sp.gov.br\/portal\/wp-json\/wp\/v2\/categories?post=11713"},{"taxonomy":"post_tag","embeddable":true,"href":"https:\/\/www.santaritadopassaquatro.sp.gov.br\/portal\/wp-json\/wp\/v2\/tags?post=11713"}],"curies":[{"name":"wp","href":"https:\/\/api.w.org\/{rel}","templated":true}]}}