{"id":11722,"date":"2025-03-21T15:36:42","date_gmt":"2025-03-21T18:36:42","guid":{"rendered":"https:\/\/www.santaritadopassaquatro.sp.gov.br\/portal\/?p=11722"},"modified":"2025-03-21T15:36:44","modified_gmt":"2025-03-21T18:36:44","slug":"%f0%9f%8e%a8-tbt-cultural-%f0%9f%8e%b6","status":"publish","type":"post","link":"https:\/\/www.santaritadopassaquatro.sp.gov.br\/portal\/%f0%9f%8e%a8-tbt-cultural-%f0%9f%8e%b6\/","title":{"rendered":"\ud83c\udfa8 TBT Cultural \ud83c\udfb6"},"content":{"rendered":"\n<p>No dia 11 de fevereiro, o Departamento de Turismo, Desenvolvimento Econ\u00f4mico, Cultura e Esportes, em parceria com o Departamento de Educa\u00e7\u00e3o, promoveu a forma\u00e7\u00e3o para professores de arte da rede municipal no Centro Cultural e Museu Jos\u00e9 Spadon. O tema foi &#8220;Semana Art\u00edstico-Cultural Salvador Pujas Sabat\u00e9&#8221;, com conte\u00fados elaborados pela Gestora de Cultura Graziela Vilella sobre a hist\u00f3ria e as personalidades art\u00edsticas de nosso munic\u00edpio. Participaram como convidados a ex-vereadora Norma Jamus Villela, o Vereador Kleber Borotto e o pesquisador Osmar Milhoci.<br>No dia 11 de mar\u00e7o, o Departamento, em parceria com o Pontos Mis (Museu da Imagem e Som), realizou a \u201cOficina das Cores\u201d, com o educador e artista Igor Cardoso Tomaz. A oficina abordou a Psicologia das Cores e como aplic\u00e1-las em fotografias e produ\u00e7\u00f5es visuais, no Centro Cultural Gov. M\u00e1rio Covas.<br>J\u00e1 no dia 15 de mar\u00e7o, Santa Rita esteve presente na Escuta P\u00fablica para a constru\u00e7\u00e3o do Plano Estadual do Livro, Leitura, Literatura e Biblioteca (PELLLB \u2013 SP), em S\u00e3o Carlos, contribuindo com demandas e necessidades locais. Participaram a Gestora de Cultura Graziela Villela, a Bibliotec\u00e1ria Alessandra Alamino, o poeta Zito Silv\u00e9rio e a Coordenadora Denise Serafin.<br>Esses eventos s\u00e3o apenas alguns exemplos de como estamos trabalhando para valorizar nossa hist\u00f3ria, cultura e artistas locais, promovendo a educa\u00e7\u00e3o e o desenvolvimento de nossa cidade. Seguiremos comprometidos com a promo\u00e7\u00e3o de a\u00e7\u00f5es culturais que enriquecem a vida de todos os santarritenses!<\/p>\n\n\n\n<p><\/p>\n\n\n\n<figure class=\"wp-block-gallery has-nested-images columns-default is-cropped wp-block-gallery-1 is-layout-flex wp-block-gallery-is-layout-flex\">\n<figure class=\"wp-block-image size-large\"><img decoding=\"async\" width=\"2048\" height=\"2560\" data-id=\"11724\" src=\"https:\/\/www.santaritadopassaquatro.sp.gov.br\/portal\/wp-content\/uploads\/2025\/03\/WhatsApp-Image-2025-03-20-at-17.01.59.jpeg\" alt=\"\" class=\"wp-image-11724\"\/><\/figure>\n\n\n\n<figure class=\"wp-block-image size-large\"><img decoding=\"async\" width=\"2048\" height=\"2560\" data-id=\"11727\" src=\"https:\/\/www.santaritadopassaquatro.sp.gov.br\/portal\/wp-content\/uploads\/2025\/03\/WhatsApp-Image-2025-03-20-at-17.02.00.jpeg\" alt=\"\" class=\"wp-image-11727\"\/><\/figure>\n\n\n\n<figure class=\"wp-block-image size-large\"><img decoding=\"async\" width=\"2048\" height=\"2560\" data-id=\"11726\" src=\"https:\/\/www.santaritadopassaquatro.sp.gov.br\/portal\/wp-content\/uploads\/2025\/03\/WhatsApp-Image-2025-03-20-at-17.02.01-1.jpeg\" alt=\"\" class=\"wp-image-11726\"\/><\/figure>\n\n\n\n<figure class=\"wp-block-image size-large\"><img decoding=\"async\" width=\"2048\" height=\"2560\" data-id=\"11728\" src=\"https:\/\/www.santaritadopassaquatro.sp.gov.br\/portal\/wp-content\/uploads\/2025\/03\/WhatsApp-Image-2025-03-20-at-17.02.01-2.jpeg\" alt=\"\" class=\"wp-image-11728\"\/><\/figure>\n\n\n\n<figure class=\"wp-block-image size-large\"><img decoding=\"async\" width=\"2048\" height=\"2560\" data-id=\"11729\" src=\"https:\/\/www.santaritadopassaquatro.sp.gov.br\/portal\/wp-content\/uploads\/2025\/03\/WhatsApp-Image-2025-03-20-at-17.02.01-3.jpeg\" alt=\"\" class=\"wp-image-11729\"\/><\/figure>\n\n\n\n<figure class=\"wp-block-image size-large\"><img decoding=\"async\" width=\"2048\" height=\"2560\" data-id=\"11725\" src=\"https:\/\/www.santaritadopassaquatro.sp.gov.br\/portal\/wp-content\/uploads\/2025\/03\/WhatsApp-Image-2025-03-20-at-17.02.01.jpeg\" alt=\"\" class=\"wp-image-11725\"\/><\/figure>\n<\/figure>\n","protected":false},"excerpt":{"rendered":"<p>No dia 11 de fevereiro, o Departamento de Turismo, Desenvolvimento Econ\u00f4mico, Cultura e Esportes, em parceria com o Departamento de<\/p>\n","protected":false},"author":1,"featured_media":11723,"comment_status":"closed","ping_status":"open","sticky":false,"template":"","format":"standard","meta":{"footnotes":""},"categories":[46],"tags":[],"class_list":["post-11722","post","type-post","status-publish","format-standard","has-post-thumbnail","hentry","category-cultura"],"_links":{"self":[{"href":"https:\/\/www.santaritadopassaquatro.sp.gov.br\/portal\/wp-json\/wp\/v2\/posts\/11722","targetHints":{"allow":["GET"]}}],"collection":[{"href":"https:\/\/www.santaritadopassaquatro.sp.gov.br\/portal\/wp-json\/wp\/v2\/posts"}],"about":[{"href":"https:\/\/www.santaritadopassaquatro.sp.gov.br\/portal\/wp-json\/wp\/v2\/types\/post"}],"author":[{"embeddable":true,"href":"https:\/\/www.santaritadopassaquatro.sp.gov.br\/portal\/wp-json\/wp\/v2\/users\/1"}],"replies":[{"embeddable":true,"href":"https:\/\/www.santaritadopassaquatro.sp.gov.br\/portal\/wp-json\/wp\/v2\/comments?post=11722"}],"version-history":[{"count":1,"href":"https:\/\/www.santaritadopassaquatro.sp.gov.br\/portal\/wp-json\/wp\/v2\/posts\/11722\/revisions"}],"predecessor-version":[{"id":11730,"href":"https:\/\/www.santaritadopassaquatro.sp.gov.br\/portal\/wp-json\/wp\/v2\/posts\/11722\/revisions\/11730"}],"wp:featuredmedia":[{"embeddable":true,"href":"https:\/\/www.santaritadopassaquatro.sp.gov.br\/portal\/wp-json\/wp\/v2\/media\/11723"}],"wp:attachment":[{"href":"https:\/\/www.santaritadopassaquatro.sp.gov.br\/portal\/wp-json\/wp\/v2\/media?parent=11722"}],"wp:term":[{"taxonomy":"category","embeddable":true,"href":"https:\/\/www.santaritadopassaquatro.sp.gov.br\/portal\/wp-json\/wp\/v2\/categories?post=11722"},{"taxonomy":"post_tag","embeddable":true,"href":"https:\/\/www.santaritadopassaquatro.sp.gov.br\/portal\/wp-json\/wp\/v2\/tags?post=11722"}],"curies":[{"name":"wp","href":"https:\/\/api.w.org\/{rel}","templated":true}]}}