{"id":11741,"date":"2025-03-25T13:30:52","date_gmt":"2025-03-25T16:30:52","guid":{"rendered":"https:\/\/www.santaritadopassaquatro.sp.gov.br\/portal\/?p=11741"},"modified":"2025-03-25T13:30:54","modified_gmt":"2025-03-25T16:30:54","slug":"coleta-de-lixo-srp4","status":"publish","type":"post","link":"https:\/\/www.santaritadopassaquatro.sp.gov.br\/portal\/coleta-de-lixo-srp4\/","title":{"rendered":"COLETA DE LIXO SRP4"},"content":{"rendered":"\n<p>Confira as informa\u00e7\u00f5es essenciais sobre a Coleta de Lixo em Santa Rita do Passa Quatro!<br><\/p>\n\n\n\n<p>\ud83d\udce2\ud83d\ude9b <strong>Aten\u00e7\u00e3o, Santa Rita do Passa Quatro!<\/strong> \ud83d\ude9b\ud83d\udce2<\/p>\n\n\n\n<p>Confira os dias e locais da <strong>coleta de lixo<\/strong> em nossa cidade! \u267b\ufe0f\ud83d\uddd1\ufe0f<\/p>\n\n\n\n<p>\u2705 <strong>Coleta di\u00e1ria<\/strong> <br>\ud83d\udccd <strong>Centro e supermercados<\/strong><\/p>\n\n\n\n<p>\u2705 <strong>Coleta 2x na semana (rota rural)<\/strong> <br>\ud83d\udccd <strong>Santa Cruz da Estrela, Albin\u00f3polis, Usina Santa Rita, Bairro S\u00e3o Crist\u00f3v\u00e3o, Postos de Combust\u00edvel SP 330, Instituto Salvador Arena, Fazendas e S\u00edtios<\/strong><\/p>\n\n\n\n<p>\u2705 <strong>Coleta \u00e0s segundas, quartas e sextas<\/strong> <br>\ud83d\udccd <strong>Vila Santa Maria, Parque Lagoinha, Nova Lagoinha, Jardim Lagoinha, Bela Vista, Venetto, Vila Norte, Jardim Bonanza, Distrito Industrial, Cinel\u00e2ndia, Mara Cristina, Vila Melo, Vale do Verde, Botafogo, Jardim Cel. Victor Meirelles, Recanto dos P\u00e1ssaros, Jequitib\u00e1 Rosa, Cel. Joaquim Vitor, Vila Poeta, Portal das Vivendas, Jardim Europa, Nova Santa Rita, Primavera, Nova Primavera<\/strong><\/p>\n\n\n\n<p>\u2705 <strong>Coleta \u00e0s ter\u00e7as, quintas e s\u00e1bados<\/strong> <br>\ud83d\udccd <strong>Jardim It\u00e1lia, Jardim 22 de Maio, Jardim Planalto, Jardim S\u00e3o Lu\u00eds, Alvorada, Vila Kennedy, Vila S\u00e3o Salvador, Recreio dos Bandeirantes, Bairro Jardim, Jardim S\u00e3o Vicente, Parque S\u00e3o Paulo, Recanto da Colina, CDHU, Flamboyant, Jardim dos Ip\u00eas, Vila Floren\u00e7a, Parque Alvorada, Jardim do Lago, Jardim Boa Vista<\/strong><\/p>\n\n\n\n<p>\u23f0 <strong>A coleta come\u00e7a a partir das 7h!<\/strong><\/p>\n\n\n\n<p><\/p>\n\n\n\n<figure class=\"wp-block-gallery has-nested-images columns-default is-cropped wp-block-gallery-1 is-layout-flex wp-block-gallery-is-layout-flex\">\n<figure class=\"wp-block-image size-large\"><img decoding=\"async\" width=\"2651\" height=\"3750\" data-id=\"11743\" src=\"https:\/\/www.santaritadopassaquatro.sp.gov.br\/portal\/wp-content\/uploads\/2025\/03\/Coleta-DIARIO.jpg\" alt=\"\" class=\"wp-image-11743\" \/><\/figure>\n\n\n\n<figure class=\"wp-block-image size-large\"><img decoding=\"async\" width=\"2651\" height=\"3750\" data-id=\"11744\" src=\"https:\/\/www.santaritadopassaquatro.sp.gov.br\/portal\/wp-content\/uploads\/2025\/03\/Coleta-SEG.-QUA.-E-SEX.jpg\" alt=\"\" class=\"wp-image-11744\" \/><\/figure>\n\n\n\n<figure class=\"wp-block-image size-large\"><img decoding=\"async\" width=\"2651\" height=\"3750\" data-id=\"11742\" src=\"https:\/\/www.santaritadopassaquatro.sp.gov.br\/portal\/wp-content\/uploads\/2025\/03\/Coleta-TER.-QUI.-E-SAB.jpg\" alt=\"\" class=\"wp-image-11742\" \/><\/figure>\n<\/figure>\n","protected":false},"excerpt":{"rendered":"<p>Confira as informa\u00e7\u00f5es essenciais sobre a Coleta de Lixo em Santa Rita do Passa Quatro! \ud83d\udce2\ud83d\ude9b Aten\u00e7\u00e3o, Santa Rita do<\/p>\n","protected":false},"author":3,"featured_media":0,"comment_status":"closed","ping_status":"open","sticky":false,"template":"","format":"standard","meta":{"footnotes":""},"categories":[45,52,53,63],"tags":[],"class_list":["post-11741","post","type-post","status-publish","format-standard","hentry","category-comunicado","category-latest","category-meio-ambiente","category-servicos-municipais"],"_links":{"self":[{"href":"https:\/\/www.santaritadopassaquatro.sp.gov.br\/portal\/wp-json\/wp\/v2\/posts\/11741","targetHints":{"allow":["GET"]}}],"collection":[{"href":"https:\/\/www.santaritadopassaquatro.sp.gov.br\/portal\/wp-json\/wp\/v2\/posts"}],"about":[{"href":"https:\/\/www.santaritadopassaquatro.sp.gov.br\/portal\/wp-json\/wp\/v2\/types\/post"}],"author":[{"embeddable":true,"href":"https:\/\/www.santaritadopassaquatro.sp.gov.br\/portal\/wp-json\/wp\/v2\/users\/3"}],"replies":[{"embeddable":true,"href":"https:\/\/www.santaritadopassaquatro.sp.gov.br\/portal\/wp-json\/wp\/v2\/comments?post=11741"}],"version-history":[{"count":1,"href":"https:\/\/www.santaritadopassaquatro.sp.gov.br\/portal\/wp-json\/wp\/v2\/posts\/11741\/revisions"}],"predecessor-version":[{"id":11745,"href":"https:\/\/www.santaritadopassaquatro.sp.gov.br\/portal\/wp-json\/wp\/v2\/posts\/11741\/revisions\/11745"}],"wp:attachment":[{"href":"https:\/\/www.santaritadopassaquatro.sp.gov.br\/portal\/wp-json\/wp\/v2\/media?parent=11741"}],"wp:term":[{"taxonomy":"category","embeddable":true,"href":"https:\/\/www.santaritadopassaquatro.sp.gov.br\/portal\/wp-json\/wp\/v2\/categories?post=11741"},{"taxonomy":"post_tag","embeddable":true,"href":"https:\/\/www.santaritadopassaquatro.sp.gov.br\/portal\/wp-json\/wp\/v2\/tags?post=11741"}],"curies":[{"name":"wp","href":"https:\/\/api.w.org\/{rel}","templated":true}]}}