{"id":1175,"date":"2019-04-12T14:38:45","date_gmt":"2019-04-12T17:38:45","guid":{"rendered":"http:\/\/www.santaritadopassaquatro.sp.gov.br\/portal\/?p=1175"},"modified":"2019-04-12T14:38:45","modified_gmt":"2019-04-12T17:38:45","slug":"santa-rita-volta-a-quadra-nesta-segunda-feira-pela-taca-eptv-de-futsal","status":"publish","type":"post","link":"https:\/\/www.santaritadopassaquatro.sp.gov.br\/portal\/santa-rita-volta-a-quadra-nesta-segunda-feira-pela-taca-eptv-de-futsal\/","title":{"rendered":"Santa Rita volta \u00e0 quadra nesta segunda-feira pela Ta\u00e7a EPTV de Futsal"},"content":{"rendered":"<p><strong><em>Partida contra Vargem Grande do Sul, ser\u00e1 em Porto Ferreira; time estreou com derrota, mas busca a reabilita\u00e7\u00e3o<\/em><\/strong><\/p>\n<p>&nbsp;<\/p>\n<figure id=\"attachment_1130\" aria-describedby=\"caption-attachment-1130\" style=\"width: 300px\" class=\"wp-caption alignleft\"><img decoding=\"async\" class=\"wp-image-1130 size-medium\" src=\"http:\/\/www.santaritadopassaquatro.sp.gov.br\/portal\/wp-content\/uploads\/2019\/04\/Time_EPTV-300x169.jpg\" alt=\"\" width=\"300\" height=\"169\" srcset=\"https:\/\/www.santaritadopassaquatro.sp.gov.br\/portal\/wp-content\/uploads\/2019\/04\/Time_EPTV-300x169.jpg 300w, https:\/\/www.santaritadopassaquatro.sp.gov.br\/portal\/wp-content\/uploads\/2019\/04\/Time_EPTV-768x433.jpg 768w, https:\/\/www.santaritadopassaquatro.sp.gov.br\/portal\/wp-content\/uploads\/2019\/04\/Time_EPTV-1024x577.jpg 1024w, https:\/\/www.santaritadopassaquatro.sp.gov.br\/portal\/wp-content\/uploads\/2019\/04\/Time_EPTV.jpg 1170w\" sizes=\"(max-width: 300px) 100vw, 300px\" \/><figcaption id=\"caption-attachment-1130\" class=\"wp-caption-text\"><span style=\"font-size: 8pt; color: #999999;\"><strong><em>A equipe de Santa Rita que disputa 23\u00aa Ta\u00e7a EPTV de Futsal da Regi\u00e3o Central, na estreia da competi\u00e7\u00e3o (Reprodu\u00e7\u00e3o)<\/em><\/strong><\/span><\/figcaption><\/figure>\n<p>Santa Rita do Passa Quatro busca a reabilita\u00e7\u00e3o na 23\u00aa Ta\u00e7a EPTV Central de Futsal, da Regi\u00e3o Central. O time do Departamento Municipal de Esportes volta \u00e0 quadra nesta segunda-feira (15\/4), contra Vargem Grande do Sul. O jogo acontece no Gin\u00e1sio de Esportes Adriano Jos\u00e9 Mariano, em Porto Ferreira, \u00e0 partir das 20 horas. Na mesma noite, o gin\u00e1sio tamb\u00e9m recebe mais dois jogos: \u00c1guas da Prata x Araras e Porto Ferreira x Agua\u00ed.<\/p>\n<p>Com derrota na estreia, por 2 a 1, de virada, contra Mococa, Santa Rita agora precisa da vit\u00f3ria para continuar sonhando com a perman\u00eancia na competi\u00e7\u00e3o. O terceiro jhogo de Santa Rita na primeira fase da competi\u00e7\u00e3o ser\u00e1 no dia 25\/4, quinta-feira, em S\u00e3o Jo\u00e3o da Boa Vista, contra Santa Cruz da Concei\u00e7\u00e3o.<\/p>\n<p>Na competi\u00e7\u00e3o, as 33 equipes inscritas est\u00e3o divididas em dez chaves e Santa Rita est\u00e1 no Grupo 10, com Vargem Grande do Sul, Santa Cruz da Concei\u00e7\u00e3o e Mococa. Os dois melhores de cada grupo avan\u00e7am. Ser\u00e3o duas fases de classifica\u00e7\u00e3o e depois se inicia o mata-mata at\u00e9 a final, prevista para o dia 1\u00ba de junho.<\/p>\n<p>Os jogos s\u00e3o disputados \u00e0s segundas e quintas-feiras at\u00e9 o dia 1\u00ba de junho, quando acontece a final.<\/p>\n<p>Criado em 1985, a Ta\u00e7a EPTV come\u00e7ou a ser disputado na regi\u00e3o de S\u00e3o Carlos e Araraquara em 1990 e tem S\u00e3o Jo\u00e3o da Boa Vista, atual campe\u00e3, como a grande recordista, com sete t\u00edtulos. No retrospecto, Santa Rita conquistou o t\u00edtulo de campe\u00e3 em 2014, e o vice-campeonato em 2015.<\/p>\n<p>&nbsp;<\/p>\n<p>&nbsp;<\/p>\n","protected":false},"excerpt":{"rendered":"<p>Partida contra Vargem Grande do Sul, ser\u00e1 em Porto Ferreira; time estreou com derrota, mas busca a reabilita\u00e7\u00e3o &nbsp; Santa<\/p>\n","protected":false},"author":1,"featured_media":1130,"comment_status":"closed","ping_status":"open","sticky":false,"template":"","format":"standard","meta":{"footnotes":""},"categories":[51],"tags":[],"class_list":["post-1175","post","type-post","status-publish","format-standard","has-post-thumbnail","hentry","category-sports"],"_links":{"self":[{"href":"https:\/\/www.santaritadopassaquatro.sp.gov.br\/portal\/wp-json\/wp\/v2\/posts\/1175","targetHints":{"allow":["GET"]}}],"collection":[{"href":"https:\/\/www.santaritadopassaquatro.sp.gov.br\/portal\/wp-json\/wp\/v2\/posts"}],"about":[{"href":"https:\/\/www.santaritadopassaquatro.sp.gov.br\/portal\/wp-json\/wp\/v2\/types\/post"}],"author":[{"embeddable":true,"href":"https:\/\/www.santaritadopassaquatro.sp.gov.br\/portal\/wp-json\/wp\/v2\/users\/1"}],"replies":[{"embeddable":true,"href":"https:\/\/www.santaritadopassaquatro.sp.gov.br\/portal\/wp-json\/wp\/v2\/comments?post=1175"}],"version-history":[{"count":0,"href":"https:\/\/www.santaritadopassaquatro.sp.gov.br\/portal\/wp-json\/wp\/v2\/posts\/1175\/revisions"}],"wp:featuredmedia":[{"embeddable":true,"href":"https:\/\/www.santaritadopassaquatro.sp.gov.br\/portal\/wp-json\/wp\/v2\/media\/1130"}],"wp:attachment":[{"href":"https:\/\/www.santaritadopassaquatro.sp.gov.br\/portal\/wp-json\/wp\/v2\/media?parent=1175"}],"wp:term":[{"taxonomy":"category","embeddable":true,"href":"https:\/\/www.santaritadopassaquatro.sp.gov.br\/portal\/wp-json\/wp\/v2\/categories?post=1175"},{"taxonomy":"post_tag","embeddable":true,"href":"https:\/\/www.santaritadopassaquatro.sp.gov.br\/portal\/wp-json\/wp\/v2\/tags?post=1175"}],"curies":[{"name":"wp","href":"https:\/\/api.w.org\/{rel}","templated":true}]}}