{"id":1177,"date":"2019-04-12T14:40:11","date_gmt":"2019-04-12T17:40:11","guid":{"rendered":"http:\/\/www.santaritadopassaquatro.sp.gov.br\/portal\/?p=1177"},"modified":"2019-04-12T14:40:11","modified_gmt":"2019-04-12T17:40:11","slug":"masters-do-corinthians-jogam-em-santa-rita-na-programacao-de-aniversario-da-cidade","status":"publish","type":"post","link":"https:\/\/www.santaritadopassaquatro.sp.gov.br\/portal\/masters-do-corinthians-jogam-em-santa-rita-na-programacao-de-aniversario-da-cidade\/","title":{"rendered":"Masters do Corinthians jogam em Santa Rita na programa\u00e7\u00e3o de anivers\u00e1rio da cidade"},"content":{"rendered":"<p><strong><em>Partida contra sele\u00e7\u00e3o local ser\u00e1 no dia 26 de maio, no Campo da Cinel\u00e2ndia<\/em><\/strong><\/p>\n<p>&nbsp;<\/p>\n<p><img decoding=\"async\" class=\"alignnone size-medium wp-image-1178 alignleft\" src=\"http:\/\/www.santaritadopassaquatro.sp.gov.br\/portal\/wp-content\/uploads\/2019\/04\/masters_corinthians-300x227.jpg\" alt=\"\" width=\"300\" height=\"227\" srcset=\"https:\/\/www.santaritadopassaquatro.sp.gov.br\/portal\/wp-content\/uploads\/2019\/04\/masters_corinthians-300x227.jpg 300w, https:\/\/www.santaritadopassaquatro.sp.gov.br\/portal\/wp-content\/uploads\/2019\/04\/masters_corinthians.jpg 620w\" sizes=\"(max-width: 300px) 100vw, 300px\" \/>Craques do passado, que fizeram hist\u00f3ria no futebol brasileiro, estar\u00e3o em campo em Santa Rita do Passa Quatro para as comemora\u00e7\u00f5es dos 159 anos de funda\u00e7\u00e3o da cidade. O jogo entre o time Masters do Corinthians contra a sele\u00e7\u00e3o local acontece no pr\u00f3ximo dia 26 de maio, domingo, \u00e0s 11 horas, no Campo da Cinel\u00e2ndia.<\/p>\n<p>A promo\u00e7\u00e3o \u00e9 do Departamento de Esportes, Lazer Cultura e Turismo, da Prefeitura Municipal, e conta com o apoio da inciativa privada, como participa\u00e7\u00e3o de diversas empresas da cidad\u00e3.<\/p>\n<p>Est\u00e3o confirmadas as presen\u00e7as dos jogadores Dagoberto, Nen\u00ea, Guinei, Carlinhos Gra\u00fana, Ezequiel, Wladmir, Ataliba, Rog\u00e9rio, Nilson, Zenon, Jo\u00e3o Paulo, Gino, Guina, \u00a0Pingo, Tosin, Pezinho, Gilmar Fub\u00e1 e Dinei. O time de Santa Rita ser\u00e1 escalado pelo DME para enfrentar os ex-jogadores profissionais que ainda tem muita bola no p\u00e9.<\/p>\n<p>&nbsp;<\/p>\n<p>&nbsp;<\/p>\n","protected":false},"excerpt":{"rendered":"<p>Partida contra sele\u00e7\u00e3o local ser\u00e1 no dia 26 de maio, no Campo da Cinel\u00e2ndia &nbsp; Craques do passado, que fizeram<\/p>\n","protected":false},"author":1,"featured_media":1178,"comment_status":"closed","ping_status":"open","sticky":false,"template":"","format":"standard","meta":{"footnotes":""},"categories":[44,51],"tags":[],"class_list":["post-1177","post","type-post","status-publish","format-standard","has-post-thumbnail","hentry","category-cidades","category-sports"],"_links":{"self":[{"href":"https:\/\/www.santaritadopassaquatro.sp.gov.br\/portal\/wp-json\/wp\/v2\/posts\/1177","targetHints":{"allow":["GET"]}}],"collection":[{"href":"https:\/\/www.santaritadopassaquatro.sp.gov.br\/portal\/wp-json\/wp\/v2\/posts"}],"about":[{"href":"https:\/\/www.santaritadopassaquatro.sp.gov.br\/portal\/wp-json\/wp\/v2\/types\/post"}],"author":[{"embeddable":true,"href":"https:\/\/www.santaritadopassaquatro.sp.gov.br\/portal\/wp-json\/wp\/v2\/users\/1"}],"replies":[{"embeddable":true,"href":"https:\/\/www.santaritadopassaquatro.sp.gov.br\/portal\/wp-json\/wp\/v2\/comments?post=1177"}],"version-history":[{"count":0,"href":"https:\/\/www.santaritadopassaquatro.sp.gov.br\/portal\/wp-json\/wp\/v2\/posts\/1177\/revisions"}],"wp:featuredmedia":[{"embeddable":true,"href":"https:\/\/www.santaritadopassaquatro.sp.gov.br\/portal\/wp-json\/wp\/v2\/media\/1178"}],"wp:attachment":[{"href":"https:\/\/www.santaritadopassaquatro.sp.gov.br\/portal\/wp-json\/wp\/v2\/media?parent=1177"}],"wp:term":[{"taxonomy":"category","embeddable":true,"href":"https:\/\/www.santaritadopassaquatro.sp.gov.br\/portal\/wp-json\/wp\/v2\/categories?post=1177"},{"taxonomy":"post_tag","embeddable":true,"href":"https:\/\/www.santaritadopassaquatro.sp.gov.br\/portal\/wp-json\/wp\/v2\/tags?post=1177"}],"curies":[{"name":"wp","href":"https:\/\/api.w.org\/{rel}","templated":true}]}}