{"id":1183,"date":"2019-04-12T14:44:23","date_gmt":"2019-04-12T17:44:23","guid":{"rendered":"http:\/\/www.santaritadopassaquatro.sp.gov.br\/portal\/?p=1183"},"modified":"2019-04-12T14:44:23","modified_gmt":"2019-04-12T17:44:23","slug":"1a-conferencia-municipal-da-saude-contou-com-grande-participacao","status":"publish","type":"post","link":"https:\/\/www.santaritadopassaquatro.sp.gov.br\/portal\/1a-conferencia-municipal-da-saude-contou-com-grande-participacao\/","title":{"rendered":"1\u00aa Confer\u00eancia Municipal da Sa\u00fade contou com grande participa\u00e7\u00e3o"},"content":{"rendered":"<p><strong><em>Evento aconteceu no Centro Cultural M\u00e1rio Covas com a presen\u00e7a de 126 pessoas, al\u00e9m da comiss\u00e3o organizadora e convidados<\/em><\/strong><\/p>\n<p>&nbsp;<\/p>\n<figure id=\"attachment_1184\" aria-describedby=\"caption-attachment-1184\" style=\"width: 300px\" class=\"wp-caption alignleft\"><img decoding=\"async\" class=\"wp-image-1184 size-medium\" src=\"http:\/\/www.santaritadopassaquatro.sp.gov.br\/portal\/wp-content\/uploads\/2019\/04\/Conferencia_Municipal_Saude-300x200.jpg\" alt=\"\" width=\"300\" height=\"200\" srcset=\"https:\/\/www.santaritadopassaquatro.sp.gov.br\/portal\/wp-content\/uploads\/2019\/04\/Conferencia_Municipal_Saude-300x200.jpg 300w, https:\/\/www.santaritadopassaquatro.sp.gov.br\/portal\/wp-content\/uploads\/2019\/04\/Conferencia_Municipal_Saude-768x512.jpg 768w, https:\/\/www.santaritadopassaquatro.sp.gov.br\/portal\/wp-content\/uploads\/2019\/04\/Conferencia_Municipal_Saude-1024x683.jpg 1024w\" sizes=\"(max-width: 300px) 100vw, 300px\" \/><figcaption id=\"caption-attachment-1184\" class=\"wp-caption-text\"><span style=\"font-size: 8pt; color: #999999;\"><strong><em>Participantes Confer\u00eancia Municipal da Sa\u00fade no Centro Cultural Mario Covas \u00a0(AssCom\/Divulga\u00e7\u00e3o)<\/em><\/strong><\/span><\/figcaption><\/figure>\n<p>A popula\u00e7\u00e3o de Santa Rita do Passa Quatro foi convidada a participar e opinar sobre um dos assuntos mais importantes da atualidade, a sa\u00fade p\u00fablica. No \u00faltimo dia 5\/4, sexta-feira, aconteceu no Centro Cultural Mario Covas a 1\u00aa Confer\u00eancia Municipal da Sa\u00fade. De acordo com a organiza\u00e7\u00e3o, o evento contou com a presen\u00e7a de 126 pessoas, al\u00e9m da comiss\u00e3o organizadora e convidados<\/p>\n<p>Organizada pelo Departamento de Sa\u00fade da Prefeitura Municipal, juntamente com o Conselho Municipal de Sa\u00fade, o evento debateu o tema \u201cA consolida\u00e7\u00e3o do SUS para manuten\u00e7\u00e3o do direito a Sa\u00fade\u201d e seguintes eixos: O papel do estado como disciplinador e fomentador do direito \u00e0 sa\u00fade; A fun\u00e7\u00e3o reguladora do estado na estrutura\u00e7\u00e3o do SUS; A resist\u00eancia do SUS frente \u00e0s formas restritivas do financiamento e A participa\u00e7\u00e3o social \u2013 cidadania, \u00e9tica, direitos e deveres, para emancipa\u00e7\u00e3o do coletivo.<\/p>\n<p>A mesa de abertura foi composta pela vice-prefeita municipal, Maria Rita Mondin de OLiveira, o vereador Lucas Comin Loureiro, a diretora do Departamento Municipal Sa\u00fade, Renata Barioni Bonif\u00e1cio, do presidente do Conselho Municipal de Sa\u00fade, Rafael de Oliveira Alves e o palestrante convidado, Dr. Jos\u00e9 Luiz Riani.<\/p>\n<p>Durante o evento o DMS apresentou um v\u00eddeo institucional, destacando os trabalhos desenvolvidos pelas UBSs do munic\u00edpio, bem como deu destaque ao trabalho dos outros equipamentos de sa\u00fade do munic\u00edpio, como CAIS-SR, Lar S\u00e3o Vicente de Paula, APAE e Santa Casa.<\/p>\n<p>A Santa Casa, por sua vez, aproveitou a confer\u00eancia para lan\u00e7ar o novo site da institui\u00e7\u00e3o, mostrando suas inova\u00e7\u00f5es e utilidades.<\/p>\n<p>As palestras da Confer\u00eancia foram proferidas pelo Doutor Riani, que falou sobre o Contexto Atual do Sistema \u00danico de Sa\u00fade e pelo Doutor \u00c9lio Daldegan Junior, promotor p\u00fablico, que abordou o tema \u201cSa\u00fade como Direito<\/p>\n<p>No per\u00edodo da tarde foram desenvolvidas as atividades dos grupos de trabalho, que apresentaram propostas referidas aos eixos tem\u00e1ticos, ao Sistema \u00danico de Sa\u00fade como um todo, e para o pr\u00f3ximo Plano Municipal de Sa\u00fade, al\u00e9m de indicar os delegados representarem o munic\u00edpio na etapa regional.<\/p>\n<p>Na plen\u00e1ria final ficou deliberado que o CMS convocar\u00e1 os delegados eleitos para apresentar o relat\u00f3rio do que foi produzido na confer\u00eancia para pr\u00f3xima reuni\u00e3o do conselho.<\/p>\n<p>&nbsp;<\/p>\n<p><strong>PREPARA\u00c7\u00c3O <\/strong><\/p>\n<p>A Confer\u00eancia Municipal da Sa\u00fade contou com eventos em prepara\u00e7\u00e3o na semana que antecedeu a sua realiza\u00e7\u00e3o. Ao todo foram promovidas quatro pr\u00e9-confer\u00eancias na Santa Casa, CAIS-SR, CCI Santa Cruz da Estrela e C\u00e2mara Municipal. \u00a0E na noite anterior, aconteceu a a palestra \u201cEnvelhecimento e Sa\u00fade\u201d, proferida pelo Prof. Dr. Jose Luiz Riani, do Centro Universit\u00e1rio Claretianos, de Rio Claro.<\/p>\n<p>&nbsp;<\/p>\n<p><strong>\u00a0<\/strong><\/p>\n<p>&nbsp;<\/p>\n<p>&nbsp;<\/p>\n","protected":false},"excerpt":{"rendered":"<p>Evento aconteceu no Centro Cultural M\u00e1rio Covas com a presen\u00e7a de 126 pessoas, al\u00e9m da comiss\u00e3o organizadora e convidados &nbsp;<\/p>\n","protected":false},"author":1,"featured_media":1184,"comment_status":"closed","ping_status":"open","sticky":false,"template":"","format":"standard","meta":{"footnotes":""},"categories":[44,52,58],"tags":[],"class_list":["post-1183","post","type-post","status-publish","format-standard","has-post-thumbnail","hentry","category-cidades","category-latest","category-health"],"_links":{"self":[{"href":"https:\/\/www.santaritadopassaquatro.sp.gov.br\/portal\/wp-json\/wp\/v2\/posts\/1183","targetHints":{"allow":["GET"]}}],"collection":[{"href":"https:\/\/www.santaritadopassaquatro.sp.gov.br\/portal\/wp-json\/wp\/v2\/posts"}],"about":[{"href":"https:\/\/www.santaritadopassaquatro.sp.gov.br\/portal\/wp-json\/wp\/v2\/types\/post"}],"author":[{"embeddable":true,"href":"https:\/\/www.santaritadopassaquatro.sp.gov.br\/portal\/wp-json\/wp\/v2\/users\/1"}],"replies":[{"embeddable":true,"href":"https:\/\/www.santaritadopassaquatro.sp.gov.br\/portal\/wp-json\/wp\/v2\/comments?post=1183"}],"version-history":[{"count":0,"href":"https:\/\/www.santaritadopassaquatro.sp.gov.br\/portal\/wp-json\/wp\/v2\/posts\/1183\/revisions"}],"wp:featuredmedia":[{"embeddable":true,"href":"https:\/\/www.santaritadopassaquatro.sp.gov.br\/portal\/wp-json\/wp\/v2\/media\/1184"}],"wp:attachment":[{"href":"https:\/\/www.santaritadopassaquatro.sp.gov.br\/portal\/wp-json\/wp\/v2\/media?parent=1183"}],"wp:term":[{"taxonomy":"category","embeddable":true,"href":"https:\/\/www.santaritadopassaquatro.sp.gov.br\/portal\/wp-json\/wp\/v2\/categories?post=1183"},{"taxonomy":"post_tag","embeddable":true,"href":"https:\/\/www.santaritadopassaquatro.sp.gov.br\/portal\/wp-json\/wp\/v2\/tags?post=1183"}],"curies":[{"name":"wp","href":"https:\/\/api.w.org\/{rel}","templated":true}]}}