{"id":1186,"date":"2019-04-12T14:46:38","date_gmt":"2019-04-12T17:46:38","guid":{"rendered":"http:\/\/www.santaritadopassaquatro.sp.gov.br\/portal\/?p=1186"},"modified":"2019-04-12T14:46:38","modified_gmt":"2019-04-12T17:46:38","slug":"promocao-social-divulga-lista-de-pessoas-que-devem-buscar-cartoes-do-bolsa-familia-e-cartao-cidadao","status":"publish","type":"post","link":"https:\/\/www.santaritadopassaquatro.sp.gov.br\/portal\/promocao-social-divulga-lista-de-pessoas-que-devem-buscar-cartoes-do-bolsa-familia-e-cartao-cidadao\/","title":{"rendered":"Promo\u00e7\u00e3o Social divulga lista de pessoas que devem buscar cart\u00f5es do Bolsa Fam\u00edlia e Cart\u00e3o Cidad\u00e3o"},"content":{"rendered":"<p><strong><em>Todos devem comparecer \u00e0 ag\u00eancia da Caixa Econ\u00f4mica Federal, com urg\u00eancia<\/em><\/strong><\/p>\n<p>&nbsp;<\/p>\n<p><img decoding=\"async\" class=\"alignnone size-medium wp-image-1054 alignleft\" src=\"http:\/\/www.santaritadopassaquatro.sp.gov.br\/portal\/wp-content\/uploads\/2019\/03\/bolsa-familia-2019-300x300.png\" alt=\"\" width=\"300\" height=\"300\" srcset=\"https:\/\/www.santaritadopassaquatro.sp.gov.br\/portal\/wp-content\/uploads\/2019\/03\/bolsa-familia-2019-300x300.png 300w, https:\/\/www.santaritadopassaquatro.sp.gov.br\/portal\/wp-content\/uploads\/2019\/03\/bolsa-familia-2019-150x150.png 150w, https:\/\/www.santaritadopassaquatro.sp.gov.br\/portal\/wp-content\/uploads\/2019\/03\/bolsa-familia-2019-768x768.png 768w, https:\/\/www.santaritadopassaquatro.sp.gov.br\/portal\/wp-content\/uploads\/2019\/03\/bolsa-familia-2019.png 800w\" sizes=\"(max-width: 300px) 100vw, 300px\" \/>O Departamento Municipal de Assist\u00eancia e Desenvolvimento Social de Santa Rita do Passa Quatro e est\u00e1 divulgado a lista de benefici\u00e1rios que devem comparecer, com urg\u00eancia, \u00e0 ag\u00eancia local da Caixa Econ\u00f4mica Federal, no hor\u00e1rio de expediente das 10h \u00e0s 15 horas, para retirarem cart\u00e3o do Programa Bolsa Fam\u00edlia ou Cart\u00e3o Cidad\u00e3o.<\/p>\n<p><strong>CONFIRA OS NOMES<\/strong><\/p>\n<p>Jos\u00e9 Cardoso, Sonia Marli Munhoz, Jorge Roberto Fernandes, Maria Rita Bergamasco, Arnaldo Zanardi Junior, Nadir Madalena de Oliveira Lopes, Ant\u00f4nia Joana D\u2019Arc Jeronymo, Helena de F\u00e1tima Ronque, Eduardo dos Santos Filho, Neuza Donizetti Juliani, Paulo da Silva Candido, Isabel Cristina de Andrade Garcia, Ad\u00e3o Luiz Pires, Leonilson Gomes Leme, Adriano Penha Rosa, Francisco Carlos Fadeli, Eliane Buscariollo Pereira, Regiane Aparecida Zaganin, Melissa Denardi Pizzo, Mary Aurea Formoso, Andre Luis Lacunza, Gustavo Reis Donizeti Amaro, Gilson Ribeiro da Silva, Adriana Pimenta, Marisa Arlene Pavani Carlos, Fabio Alves da Silva, Mauro Sergio Matias de Freitas, Cristina de Fatima Aparecido, Wilson Jos\u00e9 de Camargo, Natalia Eidt Luciano, Leandro Goncalves dos Santos, Rodolfo Fioretti, Bruna Roberta Canali Valentim, Jessica de Souza da Silva, Carla Aline Mion, Maria Aparecida Ananias dos Santos, Bruna Roberta Justimiano, Gabriel Silva dos Anjos, Edson Saturnino Franquilei Pereira, Cartia Alves Ozorio, Weslei Geraldo Rosario Cassiano, Giovana Regina Gomes Penha Rosa, Diego Junio Rosa de Lima, Artur Ferreira Schimper, Debora Cristina Venancio Tome, Grazieli Cristina Natalino, Jose Luiz Pereira Leme, Camila Campos Ferraz, Marcio Henrique Roldao de Carvalho, Bruno Souza de Carvalho, Rudson Leonardo Villas Boas Cassi, Maria Rodrigues da Silva Costa, Luis Gustavo Donizetti Leoncio, Samanta Silva dos Santos, Tamiris Aparecida Barbosa, Jessica de Fatima Modesto, Tania Mariele Venancio, Deivid Eduardo de Sousa, Bruno Antonio de Paula, Stefanny do Amaral Ramos Faria, Vitor Henrique Martins\u00a0 Pedroso, Giselda Aparecida Otaviano, Nayara Aparecida Rodrigues, Fabricia Alvares, Maria Eduarda de Raujo, Ronaldo Barioni Eluf, Angra Cristina Pizeta, Maria Eduarda da Silva Figueira, Elaine Cristina Aparecido, Aline Claro, Bruno Vasques de Santana Farias, Cristiane Vieira De Moraes, Beatriz Gon\u00e7alves Fernandes, Maria Eduarda Zanata, Glauber Alexandre Dalbelo, Thais De Cassia Lamas, Maria Barbara Floriano, Liandra Arielli dos Santos, Daiane Priscila Rosa Nunes, Zarah Milla Faria, Hercilio Ney Carnielli, Antonia Iraneth Maros de Oliveira, Simone Costa de Azevedo, Rafael Bueno Lorencetti, Victor Henrique Cardoso, Heloise Gusson, Viviane do Carmo da Silva, Leonardo Brito De Toni, Camila Regina de Oliveira Silva, Thiago Alexandre Paccagnan Tosett, Thaina Lucia Clati, Jo\u00e3o Victor da Silva Gon\u00e7alves, Lidiani Velani da Silva, Roberval Augusto Candido da Silva, Willian Henrique Bitencourt, Regiane Cristina Umbelino Gomes, Priscila Gracioso Jordao Valente, Francisco Caroline Queiroz da Silva, Maysa Fernanda Octaviano, Jefferson Jean Siqueira, Joao Pedro Scharanck Batal, Rebeca\u00a0 Cristina Schiavon, Rita de Cassia do Nascimento Teod, Daiane Cristina de Souza dos Santos, Kelvin Casagrande Lopes, Henrique dos Santos Ferraz da Silva, Leandro Aparecido Antunes Cascalh e Romison Lima Barros.<\/p>\n","protected":false},"excerpt":{"rendered":"<p>Todos devem comparecer \u00e0 ag\u00eancia da Caixa Econ\u00f4mica Federal, com urg\u00eancia &nbsp; O Departamento Municipal de Assist\u00eancia e Desenvolvimento Social<\/p>\n","protected":false},"author":1,"featured_media":1187,"comment_status":"closed","ping_status":"open","sticky":false,"template":"","format":"standard","meta":{"footnotes":""},"categories":[43],"tags":[],"class_list":["post-1186","post","type-post","status-publish","format-standard","has-post-thumbnail","hentry","category-assistenciasocial"],"_links":{"self":[{"href":"https:\/\/www.santaritadopassaquatro.sp.gov.br\/portal\/wp-json\/wp\/v2\/posts\/1186","targetHints":{"allow":["GET"]}}],"collection":[{"href":"https:\/\/www.santaritadopassaquatro.sp.gov.br\/portal\/wp-json\/wp\/v2\/posts"}],"about":[{"href":"https:\/\/www.santaritadopassaquatro.sp.gov.br\/portal\/wp-json\/wp\/v2\/types\/post"}],"author":[{"embeddable":true,"href":"https:\/\/www.santaritadopassaquatro.sp.gov.br\/portal\/wp-json\/wp\/v2\/users\/1"}],"replies":[{"embeddable":true,"href":"https:\/\/www.santaritadopassaquatro.sp.gov.br\/portal\/wp-json\/wp\/v2\/comments?post=1186"}],"version-history":[{"count":0,"href":"https:\/\/www.santaritadopassaquatro.sp.gov.br\/portal\/wp-json\/wp\/v2\/posts\/1186\/revisions"}],"wp:featuredmedia":[{"embeddable":true,"href":"https:\/\/www.santaritadopassaquatro.sp.gov.br\/portal\/wp-json\/wp\/v2\/media\/1187"}],"wp:attachment":[{"href":"https:\/\/www.santaritadopassaquatro.sp.gov.br\/portal\/wp-json\/wp\/v2\/media?parent=1186"}],"wp:term":[{"taxonomy":"category","embeddable":true,"href":"https:\/\/www.santaritadopassaquatro.sp.gov.br\/portal\/wp-json\/wp\/v2\/categories?post=1186"},{"taxonomy":"post_tag","embeddable":true,"href":"https:\/\/www.santaritadopassaquatro.sp.gov.br\/portal\/wp-json\/wp\/v2\/tags?post=1186"}],"curies":[{"name":"wp","href":"https:\/\/api.w.org\/{rel}","templated":true}]}}