{"id":11943,"date":"2025-05-13T17:04:23","date_gmt":"2025-05-13T20:04:23","guid":{"rendered":"http:\/\/www.santaritadopassaquatro.sp.gov.br\/portal\/?p=11943"},"modified":"2025-05-13T17:04:24","modified_gmt":"2025-05-13T20:04:24","slug":"edital-de-atribuicao-14-05-2025","status":"publish","type":"post","link":"https:\/\/www.santaritadopassaquatro.sp.gov.br\/portal\/edital-de-atribuicao-14-05-2025\/","title":{"rendered":"EDITAL DE ATRIBUI\u00c7\u00c3O (14\/05\/2025)"},"content":{"rendered":"\n<p>O Departamento Municipal de Educa\u00e7\u00e3o de Santa Rita do Passa Quatro \u2013 SP, no uso de suas atribui\u00e7\u00f5es legais, vem comunicar as classes\/aulas constantes neste edital para atribui\u00e7\u00e3o\u00a0<strong>que ocorrer\u00e1 no dia 14 de maio de 2025<\/strong>\u00a0<strong>(quarta-feira), nas depend\u00eancias do Departamento de Educa\u00e7\u00e3o (Avenida Severino Meirelles, 1230 \u2013 Centro), \u00e0s 10h.<\/strong>\u00a0Esse processo inclui como condi\u00e7\u00e3o para atribui\u00e7\u00e3o\/contrata\u00e7\u00e3o tempor\u00e1ria, confer\u00eancia de documenta\u00e7\u00e3o dos docentes classificados no Processo Seletivo 01\/2023.<\/p>\n\n\n\n<figure class=\"wp-block-image size-full\"><img decoding=\"async\" width=\"2025\" height=\"2025\" src=\"http:\/\/www.santaritadopassaquatro.sp.gov.br\/portal\/wp-content\/uploads\/2025\/05\/Volta-as-aulas-2.jpg\" alt=\"\" class=\"wp-image-11944\" \/><\/figure>\n\n\n\n<div data-wp-interactive=\"core\/file\" class=\"wp-block-file\"><object data-wp-bind--hidden=\"!state.hasPdfPreview\" hidden class=\"wp-block-file__embed\" data=\"http:\/\/www.santaritadopassaquatro.sp.gov.br\/portal\/wp-content\/uploads\/2025\/05\/Edital-no09-atribuicao-14-maio-2025-2.pdf\" type=\"application\/pdf\" style=\"width:100%;height:600px\" aria-label=\"Incorporado de Edital-no09-atribuicao-14-maio-2025-2.\"><\/object><a id=\"wp-block-file--media-42434508-8ad7-4ff8-9d91-614d83976f0a\" href=\"http:\/\/www.santaritadopassaquatro.sp.gov.br\/portal\/wp-content\/uploads\/2025\/05\/Edital-no09-atribuicao-14-maio-2025-2.pdf\">Edital-no09-atribuicao-14-maio-2025-2<\/a><a href=\"http:\/\/www.santaritadopassaquatro.sp.gov.br\/portal\/wp-content\/uploads\/2025\/05\/Edital-no09-atribuicao-14-maio-2025-2.pdf\" class=\"wp-block-file__button wp-element-button\" download aria-describedby=\"wp-block-file--media-42434508-8ad7-4ff8-9d91-614d83976f0a\">Baixar<\/a><\/div>\n","protected":false},"excerpt":{"rendered":"<p>O Departamento Municipal de Educa\u00e7\u00e3o de Santa Rita do Passa Quatro \u2013 SP, no uso de suas atribui\u00e7\u00f5es legais, vem<\/p>\n","protected":false},"author":3,"featured_media":0,"comment_status":"closed","ping_status":"open","sticky":false,"template":"","format":"standard","meta":{"footnotes":""},"categories":[33,28],"tags":[],"class_list":["post-11943","post","type-post","status-publish","format-standard","hentry","category-atribuicao-de-aulas","category-educacao"],"_links":{"self":[{"href":"https:\/\/www.santaritadopassaquatro.sp.gov.br\/portal\/wp-json\/wp\/v2\/posts\/11943","targetHints":{"allow":["GET"]}}],"collection":[{"href":"https:\/\/www.santaritadopassaquatro.sp.gov.br\/portal\/wp-json\/wp\/v2\/posts"}],"about":[{"href":"https:\/\/www.santaritadopassaquatro.sp.gov.br\/portal\/wp-json\/wp\/v2\/types\/post"}],"author":[{"embeddable":true,"href":"https:\/\/www.santaritadopassaquatro.sp.gov.br\/portal\/wp-json\/wp\/v2\/users\/3"}],"replies":[{"embeddable":true,"href":"https:\/\/www.santaritadopassaquatro.sp.gov.br\/portal\/wp-json\/wp\/v2\/comments?post=11943"}],"version-history":[{"count":1,"href":"https:\/\/www.santaritadopassaquatro.sp.gov.br\/portal\/wp-json\/wp\/v2\/posts\/11943\/revisions"}],"predecessor-version":[{"id":11946,"href":"https:\/\/www.santaritadopassaquatro.sp.gov.br\/portal\/wp-json\/wp\/v2\/posts\/11943\/revisions\/11946"}],"wp:attachment":[{"href":"https:\/\/www.santaritadopassaquatro.sp.gov.br\/portal\/wp-json\/wp\/v2\/media?parent=11943"}],"wp:term":[{"taxonomy":"category","embeddable":true,"href":"https:\/\/www.santaritadopassaquatro.sp.gov.br\/portal\/wp-json\/wp\/v2\/categories?post=11943"},{"taxonomy":"post_tag","embeddable":true,"href":"https:\/\/www.santaritadopassaquatro.sp.gov.br\/portal\/wp-json\/wp\/v2\/tags?post=11943"}],"curies":[{"name":"wp","href":"https:\/\/api.w.org\/{rel}","templated":true}]}}