{"id":11959,"date":"2025-01-27T16:40:00","date_gmt":"2025-01-27T19:40:00","guid":{"rendered":"https:\/\/www.santaritadopassaquatro.sp.gov.br\/portal\/?p=11959"},"modified":"2025-05-20T16:45:21","modified_gmt":"2025-05-20T19:45:21","slug":"26-01-dia-da-educacao-ambiental-%f0%9f%8c%bf","status":"publish","type":"post","link":"https:\/\/www.santaritadopassaquatro.sp.gov.br\/portal\/26-01-dia-da-educacao-ambiental-%f0%9f%8c%bf\/","title":{"rendered":"26\/01 &#8211; Dia da Educa\u00e7\u00e3o Ambiental \ud83c\udf3f"},"content":{"rendered":"\n<p>O Dia da Educa\u00e7\u00e3o Ambiental, celebrado neste domingo 26 de janeiro, nos lembra da import\u00e2ncia de construir uma sociedade mais consciente e respons\u00e1vel em rela\u00e7\u00e3o ao meio ambiente. A educa\u00e7\u00e3o ambiental tem como objetivo sensibilizar, informar e capacitar as pessoas sobre os impactos das a\u00e7\u00f5es humanas no planeta, promovendo pr\u00e1ticas sustent\u00e1veis para preservar os recursos naturais.<br>No ano de 2024, o Viveiro Educativo Professor \u00c9dson Pedro Rezende Leit\u00e3o recebeu, em m\u00e9dia, 250 crian\u00e7as e adolescentes das redes p\u00fablica e privada do nosso munic\u00edpio. Entre as atividades, destacamos a participa\u00e7\u00e3o dos alunos do 3\u00ba ano do Ensino Fundamental da rede municipal no Projeto de Educa\u00e7\u00e3o Ambiental, conduzido pelo colaborador Amauri Luizio Restaino, do Departamento de Agricultura e Meio Ambiente (DAMA).<br>Durante o ano letivo, os alunos tiveram a oportunidade de vivenciar na pr\u00e1tica o processo de produ\u00e7\u00e3o de mudas nativas, frut\u00edferas e paisag\u00edsticas, que foram destinadas a reflorestamentos e \u00e0 arboriza\u00e7\u00e3o urbana do munic\u00edpio. O projeto busca despertar o interesse e o envolvimento das crian\u00e7as com a natureza, por meio de aulas te\u00f3ricas e pr\u00e1ticas realizadas no Viveiro Educativo.<br>Para 2025, o DAMA refor\u00e7a o compromisso de fortalecer a parceria com as escolas municipais e com a popula\u00e7\u00e3o, expandindo ainda mais o projeto e suas iniciativas. \ud83c\udf31 Vamos juntos construir um futuro mais sustent\u00e1vel!<\/p>\n\n\n\n<figure class=\"wp-block-gallery has-nested-images columns-default is-cropped wp-block-gallery-1 is-layout-flex wp-block-gallery-is-layout-flex\">\n<figure class=\"wp-block-image size-full\"><img decoding=\"async\" width=\"2048\" height=\"2560\" data-id=\"11964\" src=\"https:\/\/www.santaritadopassaquatro.sp.gov.br\/portal\/wp-content\/uploads\/2025\/05\/779e44b5-0363-4b65-93a8-52ffa6b56968.jpg\" alt=\"\" class=\"wp-image-11964\"\/><\/figure>\n\n\n\n<figure class=\"wp-block-image size-full\"><img decoding=\"async\" width=\"2048\" height=\"2560\" data-id=\"11963\" src=\"https:\/\/www.santaritadopassaquatro.sp.gov.br\/portal\/wp-content\/uploads\/2025\/05\/a2dfe9a7-f1fa-4225-979a-43c037e11f90.jpg\" alt=\"\" class=\"wp-image-11963\"\/><\/figure>\n\n\n\n<figure class=\"wp-block-image size-full\"><img decoding=\"async\" width=\"2048\" height=\"2560\" data-id=\"11962\" src=\"https:\/\/www.santaritadopassaquatro.sp.gov.br\/portal\/wp-content\/uploads\/2025\/05\/a5637706-9116-4287-b607-75f7f34ceed2.jpg\" alt=\"\" class=\"wp-image-11962\"\/><\/figure>\n<\/figure>\n","protected":false},"excerpt":{"rendered":"<p>O Dia da Educa\u00e7\u00e3o Ambiental, celebrado neste domingo 26 de janeiro, nos lembra da import\u00e2ncia de construir uma sociedade mais<\/p>\n","protected":false},"author":1,"featured_media":11960,"comment_status":"closed","ping_status":"open","sticky":false,"template":"","format":"standard","meta":{"footnotes":""},"categories":[53],"tags":[],"class_list":["post-11959","post","type-post","status-publish","format-standard","has-post-thumbnail","hentry","category-meio-ambiente"],"_links":{"self":[{"href":"https:\/\/www.santaritadopassaquatro.sp.gov.br\/portal\/wp-json\/wp\/v2\/posts\/11959","targetHints":{"allow":["GET"]}}],"collection":[{"href":"https:\/\/www.santaritadopassaquatro.sp.gov.br\/portal\/wp-json\/wp\/v2\/posts"}],"about":[{"href":"https:\/\/www.santaritadopassaquatro.sp.gov.br\/portal\/wp-json\/wp\/v2\/types\/post"}],"author":[{"embeddable":true,"href":"https:\/\/www.santaritadopassaquatro.sp.gov.br\/portal\/wp-json\/wp\/v2\/users\/1"}],"replies":[{"embeddable":true,"href":"https:\/\/www.santaritadopassaquatro.sp.gov.br\/portal\/wp-json\/wp\/v2\/comments?post=11959"}],"version-history":[{"count":2,"href":"https:\/\/www.santaritadopassaquatro.sp.gov.br\/portal\/wp-json\/wp\/v2\/posts\/11959\/revisions"}],"predecessor-version":[{"id":11965,"href":"https:\/\/www.santaritadopassaquatro.sp.gov.br\/portal\/wp-json\/wp\/v2\/posts\/11959\/revisions\/11965"}],"wp:featuredmedia":[{"embeddable":true,"href":"https:\/\/www.santaritadopassaquatro.sp.gov.br\/portal\/wp-json\/wp\/v2\/media\/11960"}],"wp:attachment":[{"href":"https:\/\/www.santaritadopassaquatro.sp.gov.br\/portal\/wp-json\/wp\/v2\/media?parent=11959"}],"wp:term":[{"taxonomy":"category","embeddable":true,"href":"https:\/\/www.santaritadopassaquatro.sp.gov.br\/portal\/wp-json\/wp\/v2\/categories?post=11959"},{"taxonomy":"post_tag","embeddable":true,"href":"https:\/\/www.santaritadopassaquatro.sp.gov.br\/portal\/wp-json\/wp\/v2\/tags?post=11959"}],"curies":[{"name":"wp","href":"https:\/\/api.w.org\/{rel}","templated":true}]}}