{"id":11966,"date":"2025-01-28T16:45:00","date_gmt":"2025-01-28T19:45:00","guid":{"rendered":"https:\/\/www.santaritadopassaquatro.sp.gov.br\/portal\/?p=11966"},"modified":"2025-05-20T16:47:44","modified_gmt":"2025-05-20T19:47:44","slug":"doacao-de-mudas-na-feirinha-do-produtor-%f0%9f%8c%b1%f0%9f%8c%b3-2","status":"publish","type":"post","link":"https:\/\/www.santaritadopassaquatro.sp.gov.br\/portal\/doacao-de-mudas-na-feirinha-do-produtor-%f0%9f%8c%b1%f0%9f%8c%b3-2\/","title":{"rendered":"DOA\u00c7\u00c3O DE MUDAS NA FEIRINHA DO PRODUTOR \ud83c\udf31\ud83c\udf33"},"content":{"rendered":"\n<p>No dia 25 de janeiro de 2025, o Departamento de Agricultura e Meio Ambiente (DAMA) marcou presen\u00e7a na Feira do Produtor Rural para promover uma a\u00e7\u00e3o sustent\u00e1vel e fortalecer a conex\u00e3o com a natureza: a doa\u00e7\u00e3o de mudas nativas e frut\u00edferas para a popula\u00e7\u00e3o.<br>Foram distribu\u00eddas cerca de 125 mudas de esp\u00e9cies variadas, incluindo justicia, ip\u00ea-branco, ing\u00e1, pau-viola, amora, goiaba, manga-abacaxi, arauc\u00e1ria, urucum e maracuj\u00e1. \ud83c\udf38\ud83c\udf43<br>Se voc\u00ea ainda n\u00e3o garantiu a sua, \u00e9 simples! Basta visitar o Departamento de Agricultura e Meio Ambiente para preencher a autoriza\u00e7\u00e3o de retirada no Viveiro Municipal. L\u00e1, al\u00e9m das mudas frut\u00edferas, voc\u00ea tamb\u00e9m encontrar\u00e1 esp\u00e9cies nativas ideais para reflorestamento.<br>\ud83d\udccd Endere\u00e7o: Rua Jos\u00e9 Bonif\u00e1cio, n\u00ba 23, Centro<br>\ud83d\udcde Contato: (19) 3582-9004 \/ (19) 3582-9007<br>Juntos, podemos contribuir para um meio ambiente mais saud\u00e1vel e sustent\u00e1vel. \ud83c\udf3f Cuide da natureza, plante uma \u00e1rvore!<\/p>\n\n\n\n<figure class=\"wp-block-gallery has-nested-images columns-default is-cropped wp-block-gallery-1 is-layout-flex wp-block-gallery-is-layout-flex\">\n<figure class=\"wp-block-image size-full\"><img decoding=\"async\" width=\"1280\" height=\"1600\" data-id=\"11968\" src=\"https:\/\/www.santaritadopassaquatro.sp.gov.br\/portal\/wp-content\/uploads\/2025\/05\/WhatsApp-Image-2025-05-20-at-08.38.32.jpeg\" alt=\"\" class=\"wp-image-11968\"\/><\/figure>\n\n\n\n<figure class=\"wp-block-image size-full\"><img decoding=\"async\" width=\"1280\" height=\"1600\" data-id=\"11972\" src=\"https:\/\/www.santaritadopassaquatro.sp.gov.br\/portal\/wp-content\/uploads\/2025\/05\/WhatsApp-Image-2025-05-20-at-08.38.33-1.jpeg\" alt=\"\" class=\"wp-image-11972\"\/><\/figure>\n\n\n\n<figure class=\"wp-block-image size-full\"><img decoding=\"async\" width=\"1280\" height=\"1600\" data-id=\"11969\" src=\"https:\/\/www.santaritadopassaquatro.sp.gov.br\/portal\/wp-content\/uploads\/2025\/05\/WhatsApp-Image-2025-05-20-at-08.38.33.jpeg\" alt=\"\" class=\"wp-image-11969\"\/><\/figure>\n\n\n\n<figure class=\"wp-block-image size-full\"><img decoding=\"async\" width=\"1280\" height=\"1600\" data-id=\"11973\" src=\"https:\/\/www.santaritadopassaquatro.sp.gov.br\/portal\/wp-content\/uploads\/2025\/05\/WhatsApp-Image-2025-05-20-at-08.38.34-1.jpeg\" alt=\"\" class=\"wp-image-11973\"\/><\/figure>\n\n\n\n<figure class=\"wp-block-image size-full\"><img decoding=\"async\" width=\"1280\" height=\"1600\" data-id=\"11971\" src=\"https:\/\/www.santaritadopassaquatro.sp.gov.br\/portal\/wp-content\/uploads\/2025\/05\/WhatsApp-Image-2025-05-20-at-08.38.34-2.jpeg\" alt=\"\" class=\"wp-image-11971\"\/><\/figure>\n\n\n\n<figure class=\"wp-block-image size-full\"><img decoding=\"async\" width=\"1280\" height=\"1600\" data-id=\"11970\" src=\"https:\/\/www.santaritadopassaquatro.sp.gov.br\/portal\/wp-content\/uploads\/2025\/05\/WhatsApp-Image-2025-05-20-at-08.38.34.jpeg\" alt=\"\" class=\"wp-image-11970\"\/><\/figure>\n\n\n\n<figure class=\"wp-block-image size-full\"><img decoding=\"async\" width=\"1280\" height=\"1600\" data-id=\"11976\" src=\"https:\/\/www.santaritadopassaquatro.sp.gov.br\/portal\/wp-content\/uploads\/2025\/05\/WhatsApp-Image-2025-05-20-at-08.38.35-1.jpeg\" alt=\"\" class=\"wp-image-11976\"\/><\/figure>\n\n\n\n<figure class=\"wp-block-image size-full\"><img decoding=\"async\" width=\"1280\" height=\"1600\" data-id=\"11974\" src=\"https:\/\/www.santaritadopassaquatro.sp.gov.br\/portal\/wp-content\/uploads\/2025\/05\/WhatsApp-Image-2025-05-20-at-08.38.35-2.jpeg\" alt=\"\" class=\"wp-image-11974\"\/><\/figure>\n\n\n\n<figure class=\"wp-block-image size-full\"><img decoding=\"async\" width=\"1280\" height=\"1600\" data-id=\"11975\" src=\"https:\/\/www.santaritadopassaquatro.sp.gov.br\/portal\/wp-content\/uploads\/2025\/05\/WhatsApp-Image-2025-05-20-at-08.38.35.jpeg\" alt=\"\" class=\"wp-image-11975\"\/><\/figure>\n<\/figure>\n","protected":false},"excerpt":{"rendered":"<p>No dia 25 de janeiro de 2025, o Departamento de Agricultura e Meio Ambiente (DAMA) marcou presen\u00e7a na Feira do<\/p>\n","protected":false},"author":1,"featured_media":11967,"comment_status":"closed","ping_status":"open","sticky":false,"template":"","format":"standard","meta":{"footnotes":""},"categories":[53],"tags":[],"class_list":["post-11966","post","type-post","status-publish","format-standard","has-post-thumbnail","hentry","category-meio-ambiente"],"_links":{"self":[{"href":"https:\/\/www.santaritadopassaquatro.sp.gov.br\/portal\/wp-json\/wp\/v2\/posts\/11966","targetHints":{"allow":["GET"]}}],"collection":[{"href":"https:\/\/www.santaritadopassaquatro.sp.gov.br\/portal\/wp-json\/wp\/v2\/posts"}],"about":[{"href":"https:\/\/www.santaritadopassaquatro.sp.gov.br\/portal\/wp-json\/wp\/v2\/types\/post"}],"author":[{"embeddable":true,"href":"https:\/\/www.santaritadopassaquatro.sp.gov.br\/portal\/wp-json\/wp\/v2\/users\/1"}],"replies":[{"embeddable":true,"href":"https:\/\/www.santaritadopassaquatro.sp.gov.br\/portal\/wp-json\/wp\/v2\/comments?post=11966"}],"version-history":[{"count":1,"href":"https:\/\/www.santaritadopassaquatro.sp.gov.br\/portal\/wp-json\/wp\/v2\/posts\/11966\/revisions"}],"predecessor-version":[{"id":11977,"href":"https:\/\/www.santaritadopassaquatro.sp.gov.br\/portal\/wp-json\/wp\/v2\/posts\/11966\/revisions\/11977"}],"wp:featuredmedia":[{"embeddable":true,"href":"https:\/\/www.santaritadopassaquatro.sp.gov.br\/portal\/wp-json\/wp\/v2\/media\/11967"}],"wp:attachment":[{"href":"https:\/\/www.santaritadopassaquatro.sp.gov.br\/portal\/wp-json\/wp\/v2\/media?parent=11966"}],"wp:term":[{"taxonomy":"category","embeddable":true,"href":"https:\/\/www.santaritadopassaquatro.sp.gov.br\/portal\/wp-json\/wp\/v2\/categories?post=11966"},{"taxonomy":"post_tag","embeddable":true,"href":"https:\/\/www.santaritadopassaquatro.sp.gov.br\/portal\/wp-json\/wp\/v2\/tags?post=11966"}],"curies":[{"name":"wp","href":"https:\/\/api.w.org\/{rel}","templated":true}]}}