{"id":12014,"date":"2025-03-12T16:56:00","date_gmt":"2025-03-12T19:56:00","guid":{"rendered":"https:\/\/www.santaritadopassaquatro.sp.gov.br\/portal\/?p=12014"},"modified":"2025-05-20T16:57:42","modified_gmt":"2025-05-20T19:57:42","slug":"%f0%9f%8c%b8%e2%9c%a8-celebracao-do-dia-internacional-da-mulher-na-feira-do-produtor-%e2%9c%a8%f0%9f%8c%b8-2","status":"publish","type":"post","link":"https:\/\/www.santaritadopassaquatro.sp.gov.br\/portal\/%f0%9f%8c%b8%e2%9c%a8-celebracao-do-dia-internacional-da-mulher-na-feira-do-produtor-%e2%9c%a8%f0%9f%8c%b8-2\/","title":{"rendered":"\ud83c\udf38\u2728 Celebra\u00e7\u00e3o do Dia Internacional da Mulher na Feira do Produtor! \u2728\ud83c\udf38"},"content":{"rendered":"\n<p>Neste s\u00e1bado (08\/03), a Prefeitura de Santa Rita do Passa Quatro realizou uma linda homenagem ao Dia Internacional da Mulher na Feira do Produtor, com servi\u00e7os gratuitos, apresenta\u00e7\u00f5es musicais e momentos especiais para toda a comunidade. \ud83d\udc9c\ud83c\udfb6<br>Estiveram presentes o Prefeito Marcelo Sim\u00e3o, a Presidente do Fundo Social de Solidariedade Fabricia Viana, os Vereadores Everton Silva e Vanderlei Kill, al\u00e9m dos Diretores, Diretoras e Gestoras dos Departamentos envolvidos.<br>A a\u00e7\u00e3o foi organizada pelo Fundo Social de Solidariedade, em parceria com os Departamentos de Assist\u00eancia Social, Sa\u00fade, Agricultura e Meio Ambiente, Turismo, Desenvolvimento Econ\u00f4mico, Cultura e Esportes, e Educa\u00e7\u00e3o. Juntos, oferecemos:<br>\ud83d\udc85 Servi\u00e7o de manicure para as mulheres<br>\ud83c\udf31 Entrega de mudas de plantas frut\u00edferas e flores<br>\ud83e\ude7a Aferi\u00e7\u00e3o de press\u00e3o e medi\u00e7\u00e3o de glicemia<br>\ud83c\udf81 Sorteio de brindes especiais<br>\ud83c\udfb6 Apresenta\u00e7\u00e3o musical com o grupo \u201cEntre Amigoz\u201d<br>Foi um dia de celebra\u00e7\u00e3o, reconhecimento e carinho por todas as mulheres! \ud83d\udc9c\ud83d\udc4f<\/p>\n\n\n\n<figure class=\"wp-block-image size-full\"><img decoding=\"async\" width=\"1280\" height=\"1600\" src=\"https:\/\/www.santaritadopassaquatro.sp.gov.br\/portal\/wp-content\/uploads\/2025\/05\/8559cad4-320c-4cf5-a6f4-81acf4488efb.jpg\" alt=\"\" class=\"wp-image-12016\"\/><\/figure>\n","protected":false},"excerpt":{"rendered":"<p>Neste s\u00e1bado (08\/03), a Prefeitura de Santa Rita do Passa Quatro realizou uma linda homenagem ao Dia Internacional da Mulher<\/p>\n","protected":false},"author":1,"featured_media":12015,"comment_status":"closed","ping_status":"open","sticky":false,"template":"","format":"standard","meta":{"footnotes":""},"categories":[62],"tags":[],"class_list":["post-12014","post","type-post","status-publish","format-standard","has-post-thumbnail","hentry","category-fundo-social"],"_links":{"self":[{"href":"https:\/\/www.santaritadopassaquatro.sp.gov.br\/portal\/wp-json\/wp\/v2\/posts\/12014","targetHints":{"allow":["GET"]}}],"collection":[{"href":"https:\/\/www.santaritadopassaquatro.sp.gov.br\/portal\/wp-json\/wp\/v2\/posts"}],"about":[{"href":"https:\/\/www.santaritadopassaquatro.sp.gov.br\/portal\/wp-json\/wp\/v2\/types\/post"}],"author":[{"embeddable":true,"href":"https:\/\/www.santaritadopassaquatro.sp.gov.br\/portal\/wp-json\/wp\/v2\/users\/1"}],"replies":[{"embeddable":true,"href":"https:\/\/www.santaritadopassaquatro.sp.gov.br\/portal\/wp-json\/wp\/v2\/comments?post=12014"}],"version-history":[{"count":1,"href":"https:\/\/www.santaritadopassaquatro.sp.gov.br\/portal\/wp-json\/wp\/v2\/posts\/12014\/revisions"}],"predecessor-version":[{"id":12017,"href":"https:\/\/www.santaritadopassaquatro.sp.gov.br\/portal\/wp-json\/wp\/v2\/posts\/12014\/revisions\/12017"}],"wp:featuredmedia":[{"embeddable":true,"href":"https:\/\/www.santaritadopassaquatro.sp.gov.br\/portal\/wp-json\/wp\/v2\/media\/12015"}],"wp:attachment":[{"href":"https:\/\/www.santaritadopassaquatro.sp.gov.br\/portal\/wp-json\/wp\/v2\/media?parent=12014"}],"wp:term":[{"taxonomy":"category","embeddable":true,"href":"https:\/\/www.santaritadopassaquatro.sp.gov.br\/portal\/wp-json\/wp\/v2\/categories?post=12014"},{"taxonomy":"post_tag","embeddable":true,"href":"https:\/\/www.santaritadopassaquatro.sp.gov.br\/portal\/wp-json\/wp\/v2\/tags?post=12014"}],"curies":[{"name":"wp","href":"https:\/\/api.w.org\/{rel}","templated":true}]}}