{"id":12018,"date":"2025-03-26T16:57:00","date_gmt":"2025-03-26T19:57:00","guid":{"rendered":"https:\/\/www.santaritadopassaquatro.sp.gov.br\/portal\/?p=12018"},"modified":"2025-05-20T16:59:07","modified_gmt":"2025-05-20T19:59:07","slug":"vacinacao-febre-aftosa","status":"publish","type":"post","link":"https:\/\/www.santaritadopassaquatro.sp.gov.br\/portal\/vacinacao-febre-aftosa\/","title":{"rendered":"VACINA\u00c7\u00c3O FEBRE AFTOSA"},"content":{"rendered":"\n<p>\ud83d\udea8\ud83d\udc04 Vacina\u00e7\u00e3o contra Febre Aftosa e Brucelose! \ud83d\udc04\ud83d\udea8<br>Chegou a hora de proteger o rebanho! A Defesa Agropecu\u00e1ria de SP est\u00e1 promovendo mais uma campanha de vacina\u00e7\u00e3o para manter a sanidade animal e fortalecer nosso agro. \ud83c\udf31\ud83d\udcaa<br>\u2705 Febre Aftosa: Vacina\u00e7\u00e3o obrigat\u00f3ria para bov\u00eddeos de at\u00e9 24 meses.<br>\u2705 Brucelose: F\u00eameas bovinas e bubalinas de 3 a 8 meses devem ser vacinadas.<br>\ud83d\udcc5 Fique ligado! As campanhas acontecem em maio e novembro, e todos os produtores devem declarar a vacina\u00e7\u00e3o no GEDAVE.<br>\ud83d\udd14 O que fazer?<br>\u2714\ufe0f Compre a vacina em revendas autorizadas.<br>\u2714\ufe0f Vacine dentro do prazo!<br>\u2714\ufe0f Declare a vacina\u00e7\u00e3o no sistema da Defesa Agropecu\u00e1ria.<br>\ud83d\udd17 Mais informa\u00e7\u00f5es e declara\u00e7\u00f5es \ud83d\udc49 www.defesa.agricultura.sp.gov.br<br>Proteger o rebanho \u00e9 garantir o futuro do nosso agro! \ud83d\ude9c\ud83d\udc02\ud83d\udc89<br>\ud83d\udce2 Uma a\u00e7\u00e3o do Departamento de Agricultura e Meio Ambiente da Prefeitura de Santa Rita do Passa Quatro.<\/p>\n","protected":false},"excerpt":{"rendered":"<p>\ud83d\udea8\ud83d\udc04 Vacina\u00e7\u00e3o contra Febre Aftosa e Brucelose! \ud83d\udc04\ud83d\udea8Chegou a hora de proteger o rebanho! A Defesa Agropecu\u00e1ria de SP est\u00e1<\/p>\n","protected":false},"author":1,"featured_media":12019,"comment_status":"closed","ping_status":"open","sticky":false,"template":"","format":"standard","meta":{"footnotes":""},"categories":[47,58],"tags":[],"class_list":["post-12018","post","type-post","status-publish","format-standard","has-post-thumbnail","hentry","category-desenvovimento","category-health"],"_links":{"self":[{"href":"https:\/\/www.santaritadopassaquatro.sp.gov.br\/portal\/wp-json\/wp\/v2\/posts\/12018","targetHints":{"allow":["GET"]}}],"collection":[{"href":"https:\/\/www.santaritadopassaquatro.sp.gov.br\/portal\/wp-json\/wp\/v2\/posts"}],"about":[{"href":"https:\/\/www.santaritadopassaquatro.sp.gov.br\/portal\/wp-json\/wp\/v2\/types\/post"}],"author":[{"embeddable":true,"href":"https:\/\/www.santaritadopassaquatro.sp.gov.br\/portal\/wp-json\/wp\/v2\/users\/1"}],"replies":[{"embeddable":true,"href":"https:\/\/www.santaritadopassaquatro.sp.gov.br\/portal\/wp-json\/wp\/v2\/comments?post=12018"}],"version-history":[{"count":1,"href":"https:\/\/www.santaritadopassaquatro.sp.gov.br\/portal\/wp-json\/wp\/v2\/posts\/12018\/revisions"}],"predecessor-version":[{"id":12020,"href":"https:\/\/www.santaritadopassaquatro.sp.gov.br\/portal\/wp-json\/wp\/v2\/posts\/12018\/revisions\/12020"}],"wp:featuredmedia":[{"embeddable":true,"href":"https:\/\/www.santaritadopassaquatro.sp.gov.br\/portal\/wp-json\/wp\/v2\/media\/12019"}],"wp:attachment":[{"href":"https:\/\/www.santaritadopassaquatro.sp.gov.br\/portal\/wp-json\/wp\/v2\/media?parent=12018"}],"wp:term":[{"taxonomy":"category","embeddable":true,"href":"https:\/\/www.santaritadopassaquatro.sp.gov.br\/portal\/wp-json\/wp\/v2\/categories?post=12018"},{"taxonomy":"post_tag","embeddable":true,"href":"https:\/\/www.santaritadopassaquatro.sp.gov.br\/portal\/wp-json\/wp\/v2\/tags?post=12018"}],"curies":[{"name":"wp","href":"https:\/\/api.w.org\/{rel}","templated":true}]}}