{"id":1202,"date":"2019-04-12T15:00:53","date_gmt":"2019-04-12T18:00:53","guid":{"rendered":"http:\/\/www.santaritadopassaquatro.sp.gov.br\/portal\/?p=1202"},"modified":"2019-04-12T15:00:53","modified_gmt":"2019-04-12T18:00:53","slug":"campanha-de-vacinacao-contra-a-gripe-comecou-na-ultima-segunda-feira","status":"publish","type":"post","link":"https:\/\/www.santaritadopassaquatro.sp.gov.br\/portal\/campanha-de-vacinacao-contra-a-gripe-comecou-na-ultima-segunda-feira\/","title":{"rendered":"Campanha de vacina\u00e7\u00e3o contra a gripe come\u00e7ou na \u00faltima quarta-feira"},"content":{"rendered":"<p><strong><em>Atendimento ser\u00e1 dividido em grupos de risco; primeiro grupo s\u00e3o crian\u00e7as, gr\u00e1vidas e mulheres que deram \u00e0 luz recentemente \u00a0<\/em><\/strong><\/p>\n<p>&nbsp;<\/p>\n<p><img decoding=\"async\" class=\"alignnone size-medium wp-image-1203 alignleft\" src=\"http:\/\/www.santaritadopassaquatro.sp.gov.br\/portal\/wp-content\/uploads\/2019\/04\/vacina_gripe-300x200.jpg\" alt=\"\" width=\"300\" height=\"200\" srcset=\"https:\/\/www.santaritadopassaquatro.sp.gov.br\/portal\/wp-content\/uploads\/2019\/04\/vacina_gripe-300x200.jpg 300w, https:\/\/www.santaritadopassaquatro.sp.gov.br\/portal\/wp-content\/uploads\/2019\/04\/vacina_gripe-768x512.jpg 768w, https:\/\/www.santaritadopassaquatro.sp.gov.br\/portal\/wp-content\/uploads\/2019\/04\/vacina_gripe-1024x683.jpg 1024w, https:\/\/www.santaritadopassaquatro.sp.gov.br\/portal\/wp-content\/uploads\/2019\/04\/vacina_gripe.jpg 2048w\" sizes=\"(max-width: 300px) 100vw, 300px\" \/>Come\u00e7ou na \u00faltima quarta-feira (10\/4) mais uma Campanha Nacional de Vacina\u00e7\u00e3o Contra a Gripe (influenza). Dividida em etapas, a vacina\u00e7\u00e3o prioriza os diferentes grupos de risco. Em Santa Rita do Passa Quatro, a vacina\u00e7\u00e3o acontece no Centro de Sa\u00fade II (Rua In\u00e1cio Ribeiro, Centro) e no PAS do CAIC, ambos no hor\u00e1rio das 8h \u00e0s 12h e das 13h \u00e0s 16 horas.<\/p>\n<p>Em uma primeira fase, que vai at\u00e9 o dia 18 de abril, ser\u00e3o priorizadas crian\u00e7as com idade entre 6meses e 6 anos incompletos, gr\u00e1vidas em qualquer per\u00edodo gestacional e pu\u00e9rperas (mulheres at\u00e9 45 dias ap\u00f3s o parto). A escolha, de acordo com o Minist\u00e9rio da Sa\u00fade, foi feita por causa da maior vulnerabilidade do grupo.<\/p>\n<p>A partir de 22 de abril, todo o p\u00fablico-alvo da campanha vai ter direito \u00e0 vacina. Al\u00e9m do pessoal j\u00e1 mencionado, est\u00e3o inclu\u00eddos: trabalhadores da sa\u00fade, povos ind\u00edgenas, idosos, professores de escolas p\u00fablicas e privadas, pessoas com doen\u00e7as cr\u00f4nicas ou imunidade baixa, jovens sob medidas socioeducativas, funcion\u00e1rios do sistema prisional e pessoas privadas de liberdade.<\/p>\n<p>A escolha dos grupos segue recomenda\u00e7\u00e3o da Organiza\u00e7\u00e3o Mundial da Sa\u00fade (OMS). A meta \u00e9 vacinar pelo menos 90% dos grupos eleg\u00edveis. Agora, todos se beneficiam da vacina\u00e7\u00e3o.<\/p>\n<p>A vacina distribu\u00edda \u00e9 a trivalente e a campanha segue at\u00e9 o dia 31 de maio.<\/p>\n<p>Pessoas acamadas ou impossibilitadas de se locomover poder\u00e3o ser vacinadas na pr\u00f3pria casa. Para isso, devem entrar em contato com o Centro de Sa\u00fade II, pelo telefone 3582-6171 ou 3584-5278, fornecendo o endere\u00e7o.<\/p>\n<p>&nbsp;<\/p>\n<p><strong>DIA D<\/strong><\/p>\n<p>A Vacina\u00e7\u00e3o Contra a Gripe ter\u00e1 um dia especial para atendimento de todos os grupos de risco. O chamado Dia D acontece no dia 4 de maio, s\u00e1bado, no Centro de Sa\u00fade II, no PAS do CAIC e PSF Santa Cruz da Estrela, no hor\u00e1rio das 8h \u00e0s 17 horas.<\/p>\n<p>&nbsp;<\/p>\n<p>&nbsp;<\/p>\n<p>&nbsp;<\/p>\n<p>&nbsp;<\/p>\n","protected":false},"excerpt":{"rendered":"<p>Atendimento ser\u00e1 dividido em grupos de risco; primeiro grupo s\u00e3o crian\u00e7as, gr\u00e1vidas e mulheres que deram \u00e0 luz recentemente \u00a0<\/p>\n","protected":false},"author":1,"featured_media":1203,"comment_status":"closed","ping_status":"open","sticky":false,"template":"","format":"standard","meta":{"footnotes":""},"categories":[44,58],"tags":[],"class_list":["post-1202","post","type-post","status-publish","format-standard","has-post-thumbnail","hentry","category-cidades","category-health"],"_links":{"self":[{"href":"https:\/\/www.santaritadopassaquatro.sp.gov.br\/portal\/wp-json\/wp\/v2\/posts\/1202","targetHints":{"allow":["GET"]}}],"collection":[{"href":"https:\/\/www.santaritadopassaquatro.sp.gov.br\/portal\/wp-json\/wp\/v2\/posts"}],"about":[{"href":"https:\/\/www.santaritadopassaquatro.sp.gov.br\/portal\/wp-json\/wp\/v2\/types\/post"}],"author":[{"embeddable":true,"href":"https:\/\/www.santaritadopassaquatro.sp.gov.br\/portal\/wp-json\/wp\/v2\/users\/1"}],"replies":[{"embeddable":true,"href":"https:\/\/www.santaritadopassaquatro.sp.gov.br\/portal\/wp-json\/wp\/v2\/comments?post=1202"}],"version-history":[{"count":0,"href":"https:\/\/www.santaritadopassaquatro.sp.gov.br\/portal\/wp-json\/wp\/v2\/posts\/1202\/revisions"}],"wp:featuredmedia":[{"embeddable":true,"href":"https:\/\/www.santaritadopassaquatro.sp.gov.br\/portal\/wp-json\/wp\/v2\/media\/1203"}],"wp:attachment":[{"href":"https:\/\/www.santaritadopassaquatro.sp.gov.br\/portal\/wp-json\/wp\/v2\/media?parent=1202"}],"wp:term":[{"taxonomy":"category","embeddable":true,"href":"https:\/\/www.santaritadopassaquatro.sp.gov.br\/portal\/wp-json\/wp\/v2\/categories?post=1202"},{"taxonomy":"post_tag","embeddable":true,"href":"https:\/\/www.santaritadopassaquatro.sp.gov.br\/portal\/wp-json\/wp\/v2\/tags?post=1202"}],"curies":[{"name":"wp","href":"https:\/\/api.w.org\/{rel}","templated":true}]}}