{"id":12021,"date":"2025-03-26T16:59:00","date_gmt":"2025-03-26T19:59:00","guid":{"rendered":"https:\/\/www.santaritadopassaquatro.sp.gov.br\/portal\/?p=12021"},"modified":"2025-05-20T17:02:09","modified_gmt":"2025-05-20T20:02:09","slug":"%f0%9f%9a%a8%f0%9f%90%97-atencao-produtores-e-comunidade-%f0%9f%90%97%f0%9f%9a%a8","status":"publish","type":"post","link":"https:\/\/www.santaritadopassaquatro.sp.gov.br\/portal\/%f0%9f%9a%a8%f0%9f%90%97-atencao-produtores-e-comunidade-%f0%9f%90%97%f0%9f%9a%a8\/","title":{"rendered":"\ud83d\udea8\ud83d\udc17 Aten\u00e7\u00e3o, Produtores e Comunidade! \ud83d\udc17\ud83d\udea8"},"content":{"rendered":"\n<p>Eles destroem planta\u00e7\u00f5es, amea\u00e7am a fauna e podem transmitir doen\u00e7as! Se voc\u00ea avistar javalis ou identificar danos, avise as autoridades.<br>\ud83d\udce2 Por que se preocupar?<br>\u26a0\ufe0f Preju\u00edzos na agricultura \u2013 destroem planta\u00e7\u00f5es e afetam a produ\u00e7\u00e3o rural.<br>\ud83c\udf31 Impacto ambiental \u2013 amea\u00e7am esp\u00e9cies nativas e o equil\u00edbrio ecol\u00f3gico.<br>\ud83e\udda0 Risco \u00e0 sa\u00fade \u2013 podem transmitir doen\u00e7as para animais e humanos.<br>\ud83d\udccd O que fazer?<br>\u2705 Fique atento a sinais como pegadas e destrui\u00e7\u00e3o de lavouras.<br>\u2705 Proteja sua propriedade com cercas e monitoramento.<br>\u2705 Denuncie qualquer avistamento ou dano!<br>\ud83d\udcde Fale com a Defesa Agropecu\u00e1ria de SP:<br>\ud83d\udd17 Defesa Agropecu\u00e1ria do Estado de S\u00e3o Paulo<br>\ud83d\udcde (11) 1234-5678<br>\ud83d\udce7 javalis.sp@defesa.sp.gov.br<br>Proteja nosso agro e meio ambiente! \ud83c\udf3e\ud83d\udc17<br>\ud83d\udce2 Uma a\u00e7\u00e3o do Departamento de Agricultura e Meio Ambiente da Prefeitura de Santa Rita do Passa Quatro.<\/p>\n","protected":false},"excerpt":{"rendered":"<p>Eles destroem planta\u00e7\u00f5es, amea\u00e7am a fauna e podem transmitir doen\u00e7as! Se voc\u00ea avistar javalis ou identificar danos, avise as autoridades.\ud83d\udce2<\/p>\n","protected":false},"author":1,"featured_media":12022,"comment_status":"closed","ping_status":"open","sticky":false,"template":"","format":"standard","meta":{"footnotes":""},"categories":[53],"tags":[],"class_list":["post-12021","post","type-post","status-publish","format-standard","has-post-thumbnail","hentry","category-meio-ambiente"],"_links":{"self":[{"href":"https:\/\/www.santaritadopassaquatro.sp.gov.br\/portal\/wp-json\/wp\/v2\/posts\/12021","targetHints":{"allow":["GET"]}}],"collection":[{"href":"https:\/\/www.santaritadopassaquatro.sp.gov.br\/portal\/wp-json\/wp\/v2\/posts"}],"about":[{"href":"https:\/\/www.santaritadopassaquatro.sp.gov.br\/portal\/wp-json\/wp\/v2\/types\/post"}],"author":[{"embeddable":true,"href":"https:\/\/www.santaritadopassaquatro.sp.gov.br\/portal\/wp-json\/wp\/v2\/users\/1"}],"replies":[{"embeddable":true,"href":"https:\/\/www.santaritadopassaquatro.sp.gov.br\/portal\/wp-json\/wp\/v2\/comments?post=12021"}],"version-history":[{"count":1,"href":"https:\/\/www.santaritadopassaquatro.sp.gov.br\/portal\/wp-json\/wp\/v2\/posts\/12021\/revisions"}],"predecessor-version":[{"id":12023,"href":"https:\/\/www.santaritadopassaquatro.sp.gov.br\/portal\/wp-json\/wp\/v2\/posts\/12021\/revisions\/12023"}],"wp:featuredmedia":[{"embeddable":true,"href":"https:\/\/www.santaritadopassaquatro.sp.gov.br\/portal\/wp-json\/wp\/v2\/media\/12022"}],"wp:attachment":[{"href":"https:\/\/www.santaritadopassaquatro.sp.gov.br\/portal\/wp-json\/wp\/v2\/media?parent=12021"}],"wp:term":[{"taxonomy":"category","embeddable":true,"href":"https:\/\/www.santaritadopassaquatro.sp.gov.br\/portal\/wp-json\/wp\/v2\/categories?post=12021"},{"taxonomy":"post_tag","embeddable":true,"href":"https:\/\/www.santaritadopassaquatro.sp.gov.br\/portal\/wp-json\/wp\/v2\/tags?post=12021"}],"curies":[{"name":"wp","href":"https:\/\/api.w.org\/{rel}","templated":true}]}}