{"id":12024,"date":"2025-03-26T17:02:00","date_gmt":"2025-03-26T20:02:00","guid":{"rendered":"https:\/\/www.santaritadopassaquatro.sp.gov.br\/portal\/?p=12024"},"modified":"2025-05-20T17:03:28","modified_gmt":"2025-05-20T20:03:28","slug":"%f0%9f%8c%8d%f0%9f%92%a7-comemoracao-do-dia-da-agua-uma-acao-de-conscientizacao-e-sustentabilidade-%f0%9f%8c%b1","status":"publish","type":"post","link":"https:\/\/www.santaritadopassaquatro.sp.gov.br\/portal\/%f0%9f%8c%8d%f0%9f%92%a7-comemoracao-do-dia-da-agua-uma-acao-de-conscientizacao-e-sustentabilidade-%f0%9f%8c%b1\/","title":{"rendered":"\ud83c\udf0d\ud83d\udca7 Comemora\u00e7\u00e3o do Dia da \u00c1gua: Uma A\u00e7\u00e3o de Conscientiza\u00e7\u00e3o e Sustentabilidade! \ud83c\udf31"},"content":{"rendered":"\n<p>Nos dias 20 e 21 de mar\u00e7o, as crian\u00e7as da Escola Municipal Professor R\u00f4mulo Bortolini tiveram uma experi\u00eancia incr\u00edvel de aprendizado e a\u00e7\u00e3o no Espa\u00e7o de Educa\u00e7\u00e3o Ambiental, realizando o plantio de \u00e1rvores em \u00e1reas de cal\u00e7amento urbano! \ud83c\udf33<br>A atividade teve como objetivo conscientizar os pequenos sobre a import\u00e2ncia da preserva\u00e7\u00e3o da \u00e1gua e da natureza no nosso dia a dia. Al\u00e9m de aprenderem sobre as fun\u00e7\u00f5es essenciais das \u00e1rvores para o meio ambiente, as crian\u00e7as puderam vivenciar na pr\u00e1tica como essas a\u00e7\u00f5es impactam diretamente a qualidade de vida e o equil\u00edbrio ambiental nas cidades.<br>\ud83d\udca7 Por que o Dia da \u00c1gua \u00e9 importante?<br>\u00c9 um momento para refletirmos sobre o valor desse recurso essencial e pensar em atitudes que podem ajudar a preserv\u00e1-lo para as futuras gera\u00e7\u00f5es. O plantio de \u00e1rvores nas \u00e1reas urbanas \u00e9 uma dessas a\u00e7\u00f5es, pois ajuda na infiltra\u00e7\u00e3o da \u00e1gua no solo, melhora a qualidade do ar e contribui para o bem-estar de todos.<br>\ud83c\udf33 A\u00e7\u00e3o Verde na Pr\u00e1tica!<br>Juntos, os alunos n\u00e3o apenas aprenderam sobre o ciclo da \u00e1gua, mas tamb\u00e9m assumiram um papel ativo na constru\u00e7\u00e3o de um futuro mais sustent\u00e1vel, plantando \u00e1rvores que beneficiar\u00e3o a todos no futuro.<br>Agradecemos a todos os envolvidos nessa a\u00e7\u00e3o t\u00e3o especial e lembramos que, todos os dias, \u00e9 poss\u00edvel fazer a diferen\u00e7a em nossa comunidade! \ud83c\udf0d\u2728<br>\ud83d\udce2 Uma iniciativa da Prefeitura de Santa Rita do Passa Quatro, por meio do Departamento de Agricultura e Meio Ambiente.<\/p>\n\n\n\n<figure class=\"wp-block-gallery has-nested-images columns-default is-cropped wp-block-gallery-1 is-layout-flex wp-block-gallery-is-layout-flex\">\n<figure class=\"wp-block-image size-large\"><img decoding=\"async\" width=\"1280\" height=\"1600\" data-id=\"12026\" src=\"https:\/\/www.santaritadopassaquatro.sp.gov.br\/portal\/wp-content\/uploads\/2025\/05\/becdea97-e0e2-47b5-b5d2-145b5c4999a4.jpg\" alt=\"\" class=\"wp-image-12026\"\/><\/figure>\n\n\n\n<figure class=\"wp-block-image size-large\"><img decoding=\"async\" width=\"1280\" height=\"1600\" data-id=\"12027\" src=\"https:\/\/www.santaritadopassaquatro.sp.gov.br\/portal\/wp-content\/uploads\/2025\/05\/df510ae8-030e-402e-a554-405f928b9479.jpg\" alt=\"\" class=\"wp-image-12027\"\/><\/figure>\n<\/figure>\n","protected":false},"excerpt":{"rendered":"<p>Nos dias 20 e 21 de mar\u00e7o, as crian\u00e7as da Escola Municipal Professor R\u00f4mulo Bortolini tiveram uma experi\u00eancia incr\u00edvel de<\/p>\n","protected":false},"author":1,"featured_media":12025,"comment_status":"closed","ping_status":"open","sticky":false,"template":"","format":"standard","meta":{"footnotes":""},"categories":[47,53],"tags":[],"class_list":["post-12024","post","type-post","status-publish","format-standard","has-post-thumbnail","hentry","category-desenvovimento","category-meio-ambiente"],"_links":{"self":[{"href":"https:\/\/www.santaritadopassaquatro.sp.gov.br\/portal\/wp-json\/wp\/v2\/posts\/12024","targetHints":{"allow":["GET"]}}],"collection":[{"href":"https:\/\/www.santaritadopassaquatro.sp.gov.br\/portal\/wp-json\/wp\/v2\/posts"}],"about":[{"href":"https:\/\/www.santaritadopassaquatro.sp.gov.br\/portal\/wp-json\/wp\/v2\/types\/post"}],"author":[{"embeddable":true,"href":"https:\/\/www.santaritadopassaquatro.sp.gov.br\/portal\/wp-json\/wp\/v2\/users\/1"}],"replies":[{"embeddable":true,"href":"https:\/\/www.santaritadopassaquatro.sp.gov.br\/portal\/wp-json\/wp\/v2\/comments?post=12024"}],"version-history":[{"count":1,"href":"https:\/\/www.santaritadopassaquatro.sp.gov.br\/portal\/wp-json\/wp\/v2\/posts\/12024\/revisions"}],"predecessor-version":[{"id":12028,"href":"https:\/\/www.santaritadopassaquatro.sp.gov.br\/portal\/wp-json\/wp\/v2\/posts\/12024\/revisions\/12028"}],"wp:featuredmedia":[{"embeddable":true,"href":"https:\/\/www.santaritadopassaquatro.sp.gov.br\/portal\/wp-json\/wp\/v2\/media\/12025"}],"wp:attachment":[{"href":"https:\/\/www.santaritadopassaquatro.sp.gov.br\/portal\/wp-json\/wp\/v2\/media?parent=12024"}],"wp:term":[{"taxonomy":"category","embeddable":true,"href":"https:\/\/www.santaritadopassaquatro.sp.gov.br\/portal\/wp-json\/wp\/v2\/categories?post=12024"},{"taxonomy":"post_tag","embeddable":true,"href":"https:\/\/www.santaritadopassaquatro.sp.gov.br\/portal\/wp-json\/wp\/v2\/tags?post=12024"}],"curies":[{"name":"wp","href":"https:\/\/api.w.org\/{rel}","templated":true}]}}