{"id":12029,"date":"2025-03-27T17:03:00","date_gmt":"2025-03-27T20:03:00","guid":{"rendered":"https:\/\/www.santaritadopassaquatro.sp.gov.br\/portal\/?p=12029"},"modified":"2025-05-20T17:06:26","modified_gmt":"2025-05-20T20:06:26","slug":"%f0%9f%8c%b1%f0%9f%92%a7-comemoracao-ao-dia-da-agua-em-santa-rita-do-passa-quatro-%f0%9f%92%a7%f0%9f%8c%b1","status":"publish","type":"post","link":"https:\/\/www.santaritadopassaquatro.sp.gov.br\/portal\/%f0%9f%8c%b1%f0%9f%92%a7-comemoracao-ao-dia-da-agua-em-santa-rita-do-passa-quatro-%f0%9f%92%a7%f0%9f%8c%b1\/","title":{"rendered":"\ud83c\udf31\ud83d\udca7 Comemora\u00e7\u00e3o ao Dia da \u00c1gua em Santa Rita do Passa Quatro \ud83d\udca7\ud83c\udf31"},"content":{"rendered":"\n<p>No \u00faltimo s\u00e1bado, 22 de mar\u00e7o, a cidade de Santa Rita do Passa Quatro celebrou o Dia Mundial da \u00c1gua com uma a\u00e7\u00e3o especial durante a Feira do Produtor! \ud83d\udc9a<br>A popula\u00e7\u00e3o recebeu, com entusiasmo, a doa\u00e7\u00e3o de mudas de \u00e1rvores, contribuindo para a preserva\u00e7\u00e3o do meio ambiente e a import\u00e2ncia da conscientiza\u00e7\u00e3o sobre o uso sustent\u00e1vel da \u00e1gua e dos recursos naturais. \ud83c\udf0d<br>Agradecemos a todos que participaram dessa iniciativa e refor\u00e7amos o compromisso com a nossa cidade e o planeta! \ud83c\udf3f\ud83d\udca7 Juntos, estamos construindo um futuro mais verde e sustent\u00e1vel!<\/p>\n\n\n\n<figure class=\"wp-block-gallery has-nested-images columns-default is-cropped wp-block-gallery-1 is-layout-flex wp-block-gallery-is-layout-flex\">\n<figure class=\"wp-block-image size-large\"><img decoding=\"async\" width=\"1280\" height=\"1600\" data-id=\"12033\" src=\"https:\/\/www.santaritadopassaquatro.sp.gov.br\/portal\/wp-content\/uploads\/2025\/05\/1b88dea8-3735-40c5-8408-5dc78a33f858.jpg\" alt=\"\" class=\"wp-image-12033\"\/><\/figure>\n\n\n\n<figure class=\"wp-block-image size-large\"><img decoding=\"async\" width=\"1280\" height=\"1600\" data-id=\"12031\" src=\"https:\/\/www.santaritadopassaquatro.sp.gov.br\/portal\/wp-content\/uploads\/2025\/05\/2d41b1d8-80ea-4b6c-afb3-1f16b11e87f9.jpg\" alt=\"\" class=\"wp-image-12031\"\/><\/figure>\n\n\n\n<figure class=\"wp-block-image size-large\"><img decoding=\"async\" width=\"1280\" height=\"1600\" data-id=\"12034\" src=\"https:\/\/www.santaritadopassaquatro.sp.gov.br\/portal\/wp-content\/uploads\/2025\/05\/27b65788-a8ff-46a7-a6d8-9bec5f531037.jpg\" alt=\"\" class=\"wp-image-12034\"\/><\/figure>\n\n\n\n<figure class=\"wp-block-image size-large\"><img decoding=\"async\" width=\"1280\" height=\"1600\" data-id=\"12032\" src=\"https:\/\/www.santaritadopassaquatro.sp.gov.br\/portal\/wp-content\/uploads\/2025\/05\/66a264e4-8c69-4629-8b58-36e706b8d26a.jpg\" alt=\"\" class=\"wp-image-12032\"\/><\/figure>\n<\/figure>\n","protected":false},"excerpt":{"rendered":"<p>No \u00faltimo s\u00e1bado, 22 de mar\u00e7o, a cidade de Santa Rita do Passa Quatro celebrou o Dia Mundial da \u00c1gua<\/p>\n","protected":false},"author":1,"featured_media":12030,"comment_status":"closed","ping_status":"open","sticky":false,"template":"","format":"standard","meta":{"footnotes":""},"categories":[53],"tags":[],"class_list":["post-12029","post","type-post","status-publish","format-standard","has-post-thumbnail","hentry","category-meio-ambiente"],"_links":{"self":[{"href":"https:\/\/www.santaritadopassaquatro.sp.gov.br\/portal\/wp-json\/wp\/v2\/posts\/12029","targetHints":{"allow":["GET"]}}],"collection":[{"href":"https:\/\/www.santaritadopassaquatro.sp.gov.br\/portal\/wp-json\/wp\/v2\/posts"}],"about":[{"href":"https:\/\/www.santaritadopassaquatro.sp.gov.br\/portal\/wp-json\/wp\/v2\/types\/post"}],"author":[{"embeddable":true,"href":"https:\/\/www.santaritadopassaquatro.sp.gov.br\/portal\/wp-json\/wp\/v2\/users\/1"}],"replies":[{"embeddable":true,"href":"https:\/\/www.santaritadopassaquatro.sp.gov.br\/portal\/wp-json\/wp\/v2\/comments?post=12029"}],"version-history":[{"count":2,"href":"https:\/\/www.santaritadopassaquatro.sp.gov.br\/portal\/wp-json\/wp\/v2\/posts\/12029\/revisions"}],"predecessor-version":[{"id":12036,"href":"https:\/\/www.santaritadopassaquatro.sp.gov.br\/portal\/wp-json\/wp\/v2\/posts\/12029\/revisions\/12036"}],"wp:featuredmedia":[{"embeddable":true,"href":"https:\/\/www.santaritadopassaquatro.sp.gov.br\/portal\/wp-json\/wp\/v2\/media\/12030"}],"wp:attachment":[{"href":"https:\/\/www.santaritadopassaquatro.sp.gov.br\/portal\/wp-json\/wp\/v2\/media?parent=12029"}],"wp:term":[{"taxonomy":"category","embeddable":true,"href":"https:\/\/www.santaritadopassaquatro.sp.gov.br\/portal\/wp-json\/wp\/v2\/categories?post=12029"},{"taxonomy":"post_tag","embeddable":true,"href":"https:\/\/www.santaritadopassaquatro.sp.gov.br\/portal\/wp-json\/wp\/v2\/tags?post=12029"}],"curies":[{"name":"wp","href":"https:\/\/api.w.org\/{rel}","templated":true}]}}