{"id":12037,"date":"2025-03-28T17:06:00","date_gmt":"2025-03-28T20:06:00","guid":{"rendered":"https:\/\/www.santaritadopassaquatro.sp.gov.br\/portal\/?p=12037"},"modified":"2025-05-20T17:07:45","modified_gmt":"2025-05-20T20:07:45","slug":"%f0%9f%8c%b1%f0%9f%a5%97-projeto-horta-na-escola-transforma-aprendizado-e-alimentacao-na-emef-joao-batista-da-rocha-correa-%f0%9f%8c%b1%f0%9f%a5%97","status":"publish","type":"post","link":"https:\/\/www.santaritadopassaquatro.sp.gov.br\/portal\/%f0%9f%8c%b1%f0%9f%a5%97-projeto-horta-na-escola-transforma-aprendizado-e-alimentacao-na-emef-joao-batista-da-rocha-correa-%f0%9f%8c%b1%f0%9f%a5%97\/","title":{"rendered":"\ud83c\udf31\ud83e\udd57 Projeto &#8220;Horta na Escola&#8221; transforma aprendizado e alimenta\u00e7\u00e3o na EMEF Jo\u00e3o Batista da Rocha Corr\u00eaa! \ud83c\udf31\ud83e\udd57"},"content":{"rendered":"\n<p>No Distrito de Santa Cruz da Estrela, os alunos da EMEF Jo\u00e3o Batista da Rocha Corr\u00eaa est\u00e3o colocando a m\u00e3o na terra e colhendo mais do que hortali\u00e7as \u2013 est\u00e3o cultivando conhecimento, sustentabilidade e h\u00e1bitos saud\u00e1veis! \ud83c\udf0d\ud83d\udc9a<br>A iniciativa, promovida pelo Departamento de Agricultura e Meio Ambiente, sob a orienta\u00e7\u00e3o de Amauri Luizio Restaino, respons\u00e1vel pelo Viveiro Municipal Educativo Edson Pedro Resende Leit\u00e3o, ensina na pr\u00e1tica t\u00e9cnicas de irriga\u00e7\u00e3o, colheita e cuidados com a terra.<br>E o melhor: em breve, os pr\u00f3prios alunos poder\u00e3o saborear uma saladinha fresca e saud\u00e1vel, fruto do trabalho e dedica\u00e7\u00e3o deles! \ud83e\udd57\u2728 Essa experi\u00eancia vai al\u00e9m da alimenta\u00e7\u00e3o, contribuindo para um ambiente escolar mais saud\u00e1vel e incentivando a consci\u00eancia ambiental desde cedo.<br>\ud83d\udcda\ud83c\udf3f Educa\u00e7\u00e3o, meio ambiente e sa\u00fade caminhando juntos para um futuro mais sustent\u00e1vel!<\/p>\n\n\n\n<figure class=\"wp-block-gallery has-nested-images columns-default is-cropped wp-block-gallery-1 is-layout-flex wp-block-gallery-is-layout-flex\">\n<figure class=\"wp-block-image size-large\"><img decoding=\"async\" width=\"1279\" height=\"1600\" data-id=\"12039\" src=\"https:\/\/www.santaritadopassaquatro.sp.gov.br\/portal\/wp-content\/uploads\/2025\/05\/WhatsApp-Image-2025-05-20-at-09.26.56.jpeg\" alt=\"\" class=\"wp-image-12039\"\/><\/figure>\n\n\n\n<figure class=\"wp-block-image size-large\"><img decoding=\"async\" width=\"1279\" height=\"1600\" data-id=\"12046\" src=\"https:\/\/www.santaritadopassaquatro.sp.gov.br\/portal\/wp-content\/uploads\/2025\/05\/WhatsApp-Image-2025-05-20-at-09.26.57-1.jpeg\" alt=\"\" class=\"wp-image-12046\"\/><\/figure>\n\n\n\n<figure class=\"wp-block-image size-large\"><img decoding=\"async\" width=\"1279\" height=\"1600\" data-id=\"12040\" src=\"https:\/\/www.santaritadopassaquatro.sp.gov.br\/portal\/wp-content\/uploads\/2025\/05\/WhatsApp-Image-2025-05-20-at-09.26.57.jpeg\" alt=\"\" class=\"wp-image-12040\"\/><\/figure>\n\n\n\n<figure class=\"wp-block-image size-large\"><img decoding=\"async\" width=\"1279\" height=\"1600\" data-id=\"12041\" src=\"https:\/\/www.santaritadopassaquatro.sp.gov.br\/portal\/wp-content\/uploads\/2025\/05\/WhatsApp-Image-2025-05-20-at-09.26.58-1.jpeg\" alt=\"\" class=\"wp-image-12041\"\/><\/figure>\n\n\n\n<figure class=\"wp-block-image size-large\"><img decoding=\"async\" width=\"1279\" height=\"1600\" data-id=\"12045\" src=\"https:\/\/www.santaritadopassaquatro.sp.gov.br\/portal\/wp-content\/uploads\/2025\/05\/WhatsApp-Image-2025-05-20-at-09.26.58-2.jpeg\" alt=\"\" class=\"wp-image-12045\"\/><\/figure>\n\n\n\n<figure class=\"wp-block-image size-large\"><img decoding=\"async\" width=\"1279\" height=\"1600\" data-id=\"12042\" src=\"https:\/\/www.santaritadopassaquatro.sp.gov.br\/portal\/wp-content\/uploads\/2025\/05\/WhatsApp-Image-2025-05-20-at-09.26.58.jpeg\" alt=\"\" class=\"wp-image-12042\"\/><\/figure>\n\n\n\n<figure class=\"wp-block-image size-large\"><img decoding=\"async\" width=\"1279\" height=\"1600\" data-id=\"12047\" src=\"https:\/\/www.santaritadopassaquatro.sp.gov.br\/portal\/wp-content\/uploads\/2025\/05\/WhatsApp-Image-2025-05-20-at-09.26.59-1.jpeg\" alt=\"\" class=\"wp-image-12047\"\/><\/figure>\n\n\n\n<figure class=\"wp-block-image size-large\"><img decoding=\"async\" width=\"1279\" height=\"1600\" data-id=\"12043\" src=\"https:\/\/www.santaritadopassaquatro.sp.gov.br\/portal\/wp-content\/uploads\/2025\/05\/WhatsApp-Image-2025-05-20-at-09.26.59-2.jpeg\" alt=\"\" class=\"wp-image-12043\"\/><\/figure>\n\n\n\n<figure class=\"wp-block-image size-large\"><img decoding=\"async\" width=\"1279\" height=\"1600\" data-id=\"12044\" src=\"https:\/\/www.santaritadopassaquatro.sp.gov.br\/portal\/wp-content\/uploads\/2025\/05\/WhatsApp-Image-2025-05-20-at-09.26.59.jpeg\" alt=\"\" class=\"wp-image-12044\"\/><\/figure>\n<\/figure>\n","protected":false},"excerpt":{"rendered":"<p>No Distrito de Santa Cruz da Estrela, os alunos da EMEF Jo\u00e3o Batista da Rocha Corr\u00eaa est\u00e3o colocando a m\u00e3o<\/p>\n","protected":false},"author":1,"featured_media":12038,"comment_status":"closed","ping_status":"open","sticky":false,"template":"","format":"standard","meta":{"footnotes":""},"categories":[53],"tags":[],"class_list":["post-12037","post","type-post","status-publish","format-standard","has-post-thumbnail","hentry","category-meio-ambiente"],"_links":{"self":[{"href":"https:\/\/www.santaritadopassaquatro.sp.gov.br\/portal\/wp-json\/wp\/v2\/posts\/12037","targetHints":{"allow":["GET"]}}],"collection":[{"href":"https:\/\/www.santaritadopassaquatro.sp.gov.br\/portal\/wp-json\/wp\/v2\/posts"}],"about":[{"href":"https:\/\/www.santaritadopassaquatro.sp.gov.br\/portal\/wp-json\/wp\/v2\/types\/post"}],"author":[{"embeddable":true,"href":"https:\/\/www.santaritadopassaquatro.sp.gov.br\/portal\/wp-json\/wp\/v2\/users\/1"}],"replies":[{"embeddable":true,"href":"https:\/\/www.santaritadopassaquatro.sp.gov.br\/portal\/wp-json\/wp\/v2\/comments?post=12037"}],"version-history":[{"count":2,"href":"https:\/\/www.santaritadopassaquatro.sp.gov.br\/portal\/wp-json\/wp\/v2\/posts\/12037\/revisions"}],"predecessor-version":[{"id":12050,"href":"https:\/\/www.santaritadopassaquatro.sp.gov.br\/portal\/wp-json\/wp\/v2\/posts\/12037\/revisions\/12050"}],"wp:featuredmedia":[{"embeddable":true,"href":"https:\/\/www.santaritadopassaquatro.sp.gov.br\/portal\/wp-json\/wp\/v2\/media\/12038"}],"wp:attachment":[{"href":"https:\/\/www.santaritadopassaquatro.sp.gov.br\/portal\/wp-json\/wp\/v2\/media?parent=12037"}],"wp:term":[{"taxonomy":"category","embeddable":true,"href":"https:\/\/www.santaritadopassaquatro.sp.gov.br\/portal\/wp-json\/wp\/v2\/categories?post=12037"},{"taxonomy":"post_tag","embeddable":true,"href":"https:\/\/www.santaritadopassaquatro.sp.gov.br\/portal\/wp-json\/wp\/v2\/tags?post=12037"}],"curies":[{"name":"wp","href":"https:\/\/api.w.org\/{rel}","templated":true}]}}