{"id":12051,"date":"2025-03-31T17:07:00","date_gmt":"2025-03-31T20:07:00","guid":{"rendered":"https:\/\/www.santaritadopassaquatro.sp.gov.br\/portal\/?p=12051"},"modified":"2025-05-20T17:09:48","modified_gmt":"2025-05-20T20:09:48","slug":"%f0%9f%8c%b1%f0%9f%8c%b3-acao-de-identificacao-e-plantio-com-o-dama-e-o-lar-dom-luis-caburlotto-%f0%9f%8c%b3%f0%9f%8c%b1","status":"publish","type":"post","link":"https:\/\/www.santaritadopassaquatro.sp.gov.br\/portal\/%f0%9f%8c%b1%f0%9f%8c%b3-acao-de-identificacao-e-plantio-com-o-dama-e-o-lar-dom-luis-caburlotto-%f0%9f%8c%b3%f0%9f%8c%b1\/","title":{"rendered":"\ud83c\udf31\ud83c\udf33 A\u00e7\u00e3o de Identifica\u00e7\u00e3o e Plantio com o DAMA e o Lar Dom Lu\u00eds Caburlotto \ud83c\udf33\ud83c\udf31"},"content":{"rendered":"\n<p>No dia 11 de fevereiro, iniciamos uma a\u00e7\u00e3o incr\u00edvel em parceria com as crian\u00e7as do Lar Dom Lu\u00eds Caburlotto, com o objetivo de identificar \u00e1rvores nativas na Pra\u00e7a &#8220;Zequinha de Abreu&#8221;. Foi uma manh\u00e3 e uma tarde cheia de aprendizado e conex\u00e3o com a natureza! \ud83c\udf3f<br>E no dia 27 de mar\u00e7o, realizamos a segunda etapa da a\u00e7\u00e3o, com o plantio de um majestoso jequitib\u00e1 rosa e a instala\u00e7\u00e3o das placas de identifica\u00e7\u00e3o das esp\u00e9cies nativas presentes no local. \ud83c\udf33\u2728<br>Foi uma experi\u00eancia muito especial, que al\u00e9m de promover a conscientiza\u00e7\u00e3o ambiental, tamb\u00e9m aproximou as crian\u00e7as da import\u00e2ncia de preservar nosso meio ambiente. Agradecemos a todos os envolvidos e esperamos que essa a\u00e7\u00e3o inspire cada vez mais pessoas a cuidar do nosso planeta! \ud83c\udf0d\ud83d\udc9a<\/p>\n\n\n\n<figure class=\"wp-block-gallery has-nested-images columns-default is-cropped wp-block-gallery-1 is-layout-flex wp-block-gallery-is-layout-flex\">\n<figure class=\"wp-block-image size-full\"><img decoding=\"async\" width=\"1279\" height=\"1600\" data-id=\"12058\" src=\"https:\/\/www.santaritadopassaquatro.sp.gov.br\/portal\/wp-content\/uploads\/2025\/05\/WhatsApp-Image-2025-05-20-at-09.32.01-2.jpeg\" alt=\"\" class=\"wp-image-12058\"\/><\/figure>\n\n\n\n<figure class=\"wp-block-image size-full\"><img decoding=\"async\" width=\"1279\" height=\"1600\" data-id=\"12055\" src=\"https:\/\/www.santaritadopassaquatro.sp.gov.br\/portal\/wp-content\/uploads\/2025\/05\/WhatsApp-Image-2025-05-20-at-09.32.01.jpeg\" alt=\"\" class=\"wp-image-12055\"\/><\/figure>\n\n\n\n<figure class=\"wp-block-image size-full\"><img decoding=\"async\" width=\"1279\" height=\"1600\" data-id=\"12054\" src=\"https:\/\/www.santaritadopassaquatro.sp.gov.br\/portal\/wp-content\/uploads\/2025\/05\/WhatsApp-Image-2025-05-20-at-09.32.02-1.jpeg\" alt=\"\" class=\"wp-image-12054\"\/><\/figure>\n\n\n\n<figure class=\"wp-block-image size-full\"><img decoding=\"async\" width=\"1279\" height=\"1600\" data-id=\"12056\" src=\"https:\/\/www.santaritadopassaquatro.sp.gov.br\/portal\/wp-content\/uploads\/2025\/05\/WhatsApp-Image-2025-05-20-at-09.32.02-2.jpeg\" alt=\"\" class=\"wp-image-12056\"\/><\/figure>\n\n\n\n<figure class=\"wp-block-image size-full\"><img decoding=\"async\" width=\"1279\" height=\"1600\" data-id=\"12053\" src=\"https:\/\/www.santaritadopassaquatro.sp.gov.br\/portal\/wp-content\/uploads\/2025\/05\/WhatsApp-Image-2025-05-20-at-09.32.02.jpeg\" alt=\"\" class=\"wp-image-12053\"\/><\/figure>\n\n\n\n<figure class=\"wp-block-image size-full\"><img decoding=\"async\" width=\"1279\" height=\"1600\" data-id=\"12057\" src=\"https:\/\/www.santaritadopassaquatro.sp.gov.br\/portal\/wp-content\/uploads\/2025\/05\/WhatsApp-Image-2025-05-20-at-09.32.03-1.jpeg\" alt=\"\" class=\"wp-image-12057\"\/><\/figure>\n\n\n\n<figure class=\"wp-block-image size-full\"><img decoding=\"async\" width=\"1279\" height=\"1600\" data-id=\"12059\" src=\"https:\/\/www.santaritadopassaquatro.sp.gov.br\/portal\/wp-content\/uploads\/2025\/05\/WhatsApp-Image-2025-05-20-at-09.32.03.jpeg\" alt=\"\" class=\"wp-image-12059\"\/><\/figure>\n\n\n\n<figure class=\"wp-block-image size-full\"><img decoding=\"async\" width=\"1279\" height=\"1600\" data-id=\"12060\" src=\"https:\/\/www.santaritadopassaquatro.sp.gov.br\/portal\/wp-content\/uploads\/2025\/05\/WhatsApp-Image-2025-05-20-at-09.32.04.jpeg\" alt=\"\" class=\"wp-image-12060\"\/><\/figure>\n<\/figure>\n","protected":false},"excerpt":{"rendered":"<p>No dia 11 de fevereiro, iniciamos uma a\u00e7\u00e3o incr\u00edvel em parceria com as crian\u00e7as do Lar Dom Lu\u00eds Caburlotto, com<\/p>\n","protected":false},"author":1,"featured_media":12052,"comment_status":"closed","ping_status":"open","sticky":false,"template":"","format":"standard","meta":{"footnotes":""},"categories":[53],"tags":[],"class_list":["post-12051","post","type-post","status-publish","format-standard","has-post-thumbnail","hentry","category-meio-ambiente"],"_links":{"self":[{"href":"https:\/\/www.santaritadopassaquatro.sp.gov.br\/portal\/wp-json\/wp\/v2\/posts\/12051","targetHints":{"allow":["GET"]}}],"collection":[{"href":"https:\/\/www.santaritadopassaquatro.sp.gov.br\/portal\/wp-json\/wp\/v2\/posts"}],"about":[{"href":"https:\/\/www.santaritadopassaquatro.sp.gov.br\/portal\/wp-json\/wp\/v2\/types\/post"}],"author":[{"embeddable":true,"href":"https:\/\/www.santaritadopassaquatro.sp.gov.br\/portal\/wp-json\/wp\/v2\/users\/1"}],"replies":[{"embeddable":true,"href":"https:\/\/www.santaritadopassaquatro.sp.gov.br\/portal\/wp-json\/wp\/v2\/comments?post=12051"}],"version-history":[{"count":1,"href":"https:\/\/www.santaritadopassaquatro.sp.gov.br\/portal\/wp-json\/wp\/v2\/posts\/12051\/revisions"}],"predecessor-version":[{"id":12061,"href":"https:\/\/www.santaritadopassaquatro.sp.gov.br\/portal\/wp-json\/wp\/v2\/posts\/12051\/revisions\/12061"}],"wp:featuredmedia":[{"embeddable":true,"href":"https:\/\/www.santaritadopassaquatro.sp.gov.br\/portal\/wp-json\/wp\/v2\/media\/12052"}],"wp:attachment":[{"href":"https:\/\/www.santaritadopassaquatro.sp.gov.br\/portal\/wp-json\/wp\/v2\/media?parent=12051"}],"wp:term":[{"taxonomy":"category","embeddable":true,"href":"https:\/\/www.santaritadopassaquatro.sp.gov.br\/portal\/wp-json\/wp\/v2\/categories?post=12051"},{"taxonomy":"post_tag","embeddable":true,"href":"https:\/\/www.santaritadopassaquatro.sp.gov.br\/portal\/wp-json\/wp\/v2\/tags?post=12051"}],"curies":[{"name":"wp","href":"https:\/\/api.w.org\/{rel}","templated":true}]}}